{"id":2578,"date":"2023-04-12T20:00:00","date_gmt":"2023-04-12T18:00:00","guid":{"rendered":"https:\/\/sv-ottersweier.de\/?p=2578"},"modified":"2023-09-10T23:52:37","modified_gmt":"2023-09-10T21:52:37","slug":"fuehrungswechsel-bei-den-hubertusschuetzen","status":"publish","type":"post","link":"https:\/\/sv-ottersweier.de\/?p=2578","title":{"rendered":"F\u00fchrungswechsel bei den Hubertussch\u00fctzen"},"content":{"rendered":"\t\t<div data-elementor-type=\"wp-post\" data-elementor-id=\"2578\" class=\"elementor elementor-2578\" data-elementor-settings=\"{&quot;element_pack_global_tooltip_width&quot;:{&quot;unit&quot;:&quot;px&quot;,&quot;size&quot;:&quot;&quot;,&quot;sizes&quot;:[]},&quot;element_pack_global_tooltip_width_tablet&quot;:{&quot;unit&quot;:&quot;px&quot;,&quot;size&quot;:&quot;&quot;,&quot;sizes&quot;:[]},&quot;element_pack_global_tooltip_width_mobile&quot;:{&quot;unit&quot;:&quot;px&quot;,&quot;size&quot;:&quot;&quot;,&quot;sizes&quot;:[]},&quot;element_pack_global_tooltip_padding&quot;:{&quot;unit&quot;:&quot;px&quot;,&quot;top&quot;:&quot;&quot;,&quot;right&quot;:&quot;&quot;,&quot;bottom&quot;:&quot;&quot;,&quot;left&quot;:&quot;&quot;,&quot;isLinked&quot;:true},&quot;element_pack_global_tooltip_padding_tablet&quot;:{&quot;unit&quot;:&quot;px&quot;,&quot;top&quot;:&quot;&quot;,&quot;right&quot;:&quot;&quot;,&quot;bottom&quot;:&quot;&quot;,&quot;left&quot;:&quot;&quot;,&quot;isLinked&quot;:true},&quot;element_pack_global_tooltip_padding_mobile&quot;:{&quot;unit&quot;:&quot;px&quot;,&quot;top&quot;:&quot;&quot;,&quot;right&quot;:&quot;&quot;,&quot;bottom&quot;:&quot;&quot;,&quot;left&quot;:&quot;&quot;,&quot;isLinked&quot;:true},&quot;element_pack_global_tooltip_border_radius&quot;:{&quot;unit&quot;:&quot;px&quot;,&quot;top&quot;:&quot;&quot;,&quot;right&quot;:&quot;&quot;,&quot;bottom&quot;:&quot;&quot;,&quot;left&quot;:&quot;&quot;,&quot;isLinked&quot;:true},&quot;element_pack_global_tooltip_border_radius_tablet&quot;:{&quot;unit&quot;:&quot;px&quot;,&quot;top&quot;:&quot;&quot;,&quot;right&quot;:&quot;&quot;,&quot;bottom&quot;:&quot;&quot;,&quot;left&quot;:&quot;&quot;,&quot;isLinked&quot;:true},&quot;element_pack_global_tooltip_border_radius_mobile&quot;:{&quot;unit&quot;:&quot;px&quot;,&quot;top&quot;:&quot;&quot;,&quot;right&quot;:&quot;&quot;,&quot;bottom&quot;:&quot;&quot;,&quot;left&quot;:&quot;&quot;,&quot;isLinked&quot;:true}}\" data-elementor-post-type=\"post\">\n\t\t\t\t\t\t<section class=\"elementor-section elementor-top-section elementor-element elementor-element-cc5106a elementor-section-boxed elementor-section-height-default elementor-section-height-default\" data-id=\"cc5106a\" data-element_type=\"section\" data-e-type=\"section\">\n\t\t\t\t\t\t<div class=\"elementor-container elementor-column-gap-default\">\n\t\t\t\t\t<div class=\"elementor-column elementor-col-50 elementor-top-column elementor-element elementor-element-7fbc9e8\" data-id=\"7fbc9e8\" data-element_type=\"column\" data-e-type=\"column\">\n\t\t\t<div class=\"elementor-widget-wrap elementor-element-populated\">\n\t\t\t\t\t\t<div class=\"elementor-element elementor-element-80985a6 elementor-widget elementor-widget-text-editor\" data-id=\"80985a6\" data-element_type=\"widget\" data-e-type=\"widget\" data-widget_type=\"text-editor.default\">\n\t\t\t\t<div class=\"elementor-widget-container\">\n\t\t\t\t\t\t\t\t\t<p>Nach rund einem viertel Jahrhundert an der Spitze der Vorstandschaft, m\u00f6chten wir Walter Friedmann f\u00fcr sein ehrenamtliches Engagement bei den Hubertussch\u00fctzen Danken.<\/p><p><span style=\"font-style: inherit; font-weight: inherit; color: var( --e-global-color-text ); font-family: var( --e-global-typography-text-font-family ), Sans-serif; background-color: var(--ast-global-color-5);\">Im Zuge der Neuwahlen bei der Jahreshauptversammlung am vergangenen Donnerstag, trat mit Stephan Faller, Matthias L\u00f6ffler und Bernd Fuchs ein neues dreier Gespann an die Spitze der Vorstandschaft der Hubertussch\u00fctzen. Alle drei Vorsitzende werden in Zukunft den Verein gemeinsam leiten, und die Aufgaben von Walter Friedmann \u00fcbernehmen.<\/span><\/p><p><span style=\"font-style: inherit; font-weight: inherit; color: var( --e-global-color-text ); font-family: var( --e-global-typography-text-font-family ), Sans-serif; background-color: var(--ast-global-color-5);\">Wir w\u00fcnschen den neu gew\u00e4hlten Vorsitzenden einen guten und erfolgreichen Start. Ein gro\u00dfen Dank an dieser Stelle an das gesamte Vorstandsteam f\u00fcr euren Einsatz!<\/span><\/p>\t\t\t\t\t\t\t\t<\/div>\n\t\t\t\t<\/div>\n\t\t\t\t<div class=\"elementor-element elementor-element-470c99a elementor-widget-divider--view-line elementor-widget elementor-widget-divider\" data-id=\"470c99a\" data-element_type=\"widget\" data-e-type=\"widget\" data-widget_type=\"divider.default\">\n\t\t\t\t<div class=\"elementor-widget-container\">\n\t\t\t\t\t\t\t<div class=\"elementor-divider\">\n\t\t\t<span class=\"elementor-divider-separator\">\n\t\t\t\t\t\t<\/span>\n\t\t<\/div>\n\t\t\t\t\t\t<\/div>\n\t\t\t\t<\/div>\n\t\t\t\t\t<\/div>\n\t\t<\/div>\n\t\t\t\t<div class=\"elementor-column elementor-col-50 elementor-top-column elementor-element elementor-element-f67f1c1\" data-id=\"f67f1c1\" data-element_type=\"column\" data-e-type=\"column\">\n\t\t\t<div class=\"elementor-widget-wrap elementor-element-populated\">\n\t\t\t\t\t\t<div class=\"elementor-element elementor-element-16dcacc elementor-widget elementor-widget-image\" data-id=\"16dcacc\" data-element_type=\"widget\" data-e-type=\"widget\" data-widget_type=\"image.default\">\n\t\t\t\t<div class=\"elementor-widget-container\">\n\t\t\t\t\t\t\t\t\t\t\t\t<figure class=\"wp-caption\">\n\t\t\t\t\t\t\t\t\t\t\t<a href=\"https:\/\/sv-ottersweier.de\/wp-content\/uploads\/2023\/09\/2023-04-12_GMTB_SVO_Vorstandschaft_2023.jpg\" data-elementor-open-lightbox=\"yes\" data-elementor-lightbox-title=\"2023-04-12_GMTB_SVO_Vorstandschaft_2023\" data-e-action-hash=\"#elementor-action%3Aaction%3Dlightbox%26settings%3DeyJpZCI6MjU3OSwidXJsIjoiaHR0cHM6XC9cL3N2LW90dGVyc3dlaWVyLmRlXC93cC1jb250ZW50XC91cGxvYWRzXC8yMDIzXC8wOVwvMjAyMy0wNC0xMl9HTVRCX1NWT19Wb3JzdGFuZHNjaGFmdF8yMDIzLmpwZyJ9\">\n\t\t\t\t\t\t\t<img fetchpriority=\"high\" decoding=\"async\" width=\"2560\" height=\"1258\" src=\"https:\/\/sv-ottersweier.de\/wp-content\/uploads\/2023\/09\/2023-04-12_GMTB_SVO_Vorstandschaft_2023.jpg\" class=\" attachment-full size-full wp-image-2579\" alt=\"\" srcset=\"https:\/\/sv-ottersweier.de\/wp-content\/uploads\/2023\/09\/2023-04-12_GMTB_SVO_Vorstandschaft_2023.jpg 2560w, https:\/\/sv-ottersweier.de\/wp-content\/uploads\/2023\/09\/2023-04-12_GMTB_SVO_Vorstandschaft_2023-300x147.jpg 300w, https:\/\/sv-ottersweier.de\/wp-content\/uploads\/2023\/09\/2023-04-12_GMTB_SVO_Vorstandschaft_2023-1024x503.jpg 1024w, https:\/\/sv-ottersweier.de\/wp-content\/uploads\/2023\/09\/2023-04-12_GMTB_SVO_Vorstandschaft_2023-768x377.jpg 768w, https:\/\/sv-ottersweier.de\/wp-content\/uploads\/2023\/09\/2023-04-12_GMTB_SVO_Vorstandschaft_2023-1536x755.jpg 1536w, https:\/\/sv-ottersweier.de\/wp-content\/uploads\/2023\/09\/2023-04-12_GMTB_SVO_Vorstandschaft_2023-2048x1006.jpg 2048w\" sizes=\"(max-width: 2560px) 100vw, 2560px\" \/>\t\t\t\t\t\t\t\t<\/a>\n\t\t\t\t\t\t\t\t\t\t\t<figcaption class=\"widget-image-caption wp-caption-text\"><b>Vorstandschaft 2023 <\/b> |  (v. li.):  Bernd Fuchs, Jannik Kern, Stephan Faller, Patrick Kern, Benjamin Komm, Patrick Pfeifer und Matthias L\u00f6ffler<\/figcaption>\n\t\t\t\t\t\t\t\t\t\t<\/figure>\n\t\t\t\t\t\t\t\t\t<\/div>\n\t\t\t\t<\/div>\n\t\t\t\t\t<\/div>\n\t\t<\/div>\n\t\t\t\t\t<\/div>\n\t\t<\/section>\n\t\t\t\t<\/div>\n\t\t","protected":false},"excerpt":{"rendered":"<p>Nach rund einem viertel Jahrhundert an der Spitze der Vorstandschaft, m\u00f6chten wir Walter Friedmann f\u00fcr sein ehrenamtliches Engagement bei den Hubertussch\u00fctzen Danken. Im Zuge der Neuwahlen bei der Jahreshauptversammlung am vergangenen Donnerstag, trat mit Stephan Faller, Matthias L\u00f6ffler und Bernd Fuchs ein neues dreier Gespann an die Spitze der Vorstandschaft der Hubertussch\u00fctzen. Alle drei Vorsitzende [&hellip;]<\/p>\n","protected":false},"author":1,"featured_media":2579,"comment_status":"closed","ping_status":"closed","sticky":false,"template":"elementor_theme","format":"standard","meta":{"site-sidebar-layout":"default","site-content-layout":"","ast-site-content-layout":"default","site-content-style":"default","site-sidebar-style":"default","ast-global-header-display":"","ast-banner-title-visibility":"","ast-main-header-display":"","ast-hfb-above-header-display":"","ast-hfb-below-header-display":"","ast-hfb-mobile-header-display":"","site-post-title":"","ast-breadcrumbs-content":"","ast-featured-img":"","footer-sml-layout":"","ast-disable-related-posts":"","theme-transparent-header-meta":"","adv-header-id-meta":"","stick-header-meta":"","header-above-stick-meta":"","header-main-stick-meta":"","header-below-stick-meta":"","astra-migrate-meta-layouts":"","ast-page-background-enabled":"default","ast-page-background-meta":{"desktop":{"background-color":"var(--ast-global-color-4)","background-image":"","background-repeat":"repeat","background-position":"center center","background-size":"auto","background-attachment":"scroll","background-type":"","background-media":"","overlay-type":"","overlay-color":"","overlay-opacity":"","overlay-gradient":""},"tablet":{"background-color":"","background-image":"","background-repeat":"repeat","background-position":"center center","background-size":"auto","background-attachment":"scroll","background-type":"","background-media":"","overlay-type":"","overlay-color":"","overlay-opacity":"","overlay-gradient":""},"mobile":{"background-color":"","background-image":"","background-repeat":"repeat","background-position":"center center","background-size":"auto","background-attachment":"scroll","background-type":"","background-media":"","overlay-type":"","overlay-color":"","overlay-opacity":"","overlay-gradient":""}},"ast-content-background-meta":{"desktop":{"background-color":"var(--ast-global-color-5)","background-image":"","background-repeat":"repeat","background-position":"center center","background-size":"auto","background-attachment":"scroll","background-type":"","background-media":"","overlay-type":"","overlay-color":"","overlay-opacity":"","overlay-gradient":""},"tablet":{"background-color":"var(--ast-global-color-5)","background-image":"","background-repeat":"repeat","background-position":"center center","background-size":"auto","background-attachment":"scroll","background-type":"","background-media":"","overlay-type":"","overlay-color":"","overlay-opacity":"","overlay-gradient":""},"mobile":{"background-color":"var(--ast-global-color-5)","background-image":"","background-repeat":"repeat","background-position":"center center","background-size":"auto","background-attachment":"scroll","background-type":"","background-media":"","overlay-type":"","overlay-color":"","overlay-opacity":"","overlay-gradient":""}},"footnotes":""},"categories":[16],"tags":[],"wf_post_folders":[168],"class_list":["post-2578","post","type-post","status-publish","format-standard","has-post-thumbnail","hentry","category-verein"],"_links":{"self":[{"href":"https:\/\/sv-ottersweier.de\/index.php?rest_route=\/wp\/v2\/posts\/2578","targetHints":{"allow":["GET"]}}],"collection":[{"href":"https:\/\/sv-ottersweier.de\/index.php?rest_route=\/wp\/v2\/posts"}],"about":[{"href":"https:\/\/sv-ottersweier.de\/index.php?rest_route=\/wp\/v2\/types\/post"}],"author":[{"embeddable":true,"href":"https:\/\/sv-ottersweier.de\/index.php?rest_route=\/wp\/v2\/users\/1"}],"replies":[{"embeddable":true,"href":"https:\/\/sv-ottersweier.de\/index.php?rest_route=%2Fwp%2Fv2%2Fcomments&post=2578"}],"version-history":[{"count":7,"href":"https:\/\/sv-ottersweier.de\/index.php?rest_route=\/wp\/v2\/posts\/2578\/revisions"}],"predecessor-version":[{"id":2586,"href":"https:\/\/sv-ottersweier.de\/index.php?rest_route=\/wp\/v2\/posts\/2578\/revisions\/2586"}],"wp:featuredmedia":[{"embeddable":true,"href":"https:\/\/sv-ottersweier.de\/index.php?rest_route=\/wp\/v2\/media\/2579"}],"wp:attachment":[{"href":"https:\/\/sv-ottersweier.de\/index.php?rest_route=%2Fwp%2Fv2%2Fmedia&parent=2578"}],"wp:term":[{"taxonomy":"category","embeddable":true,"href":"https:\/\/sv-ottersweier.de\/index.php?rest_route=%2Fwp%2Fv2%2Fcategories&post=2578"},{"taxonomy":"post_tag","embeddable":true,"href":"https:\/\/sv-ottersweier.de\/index.php?rest_route=%2Fwp%2Fv2%2Ftags&post=2578"},{"taxonomy":"wf_post_folders","embeddable":true,"href":"https:\/\/sv-ottersweier.de\/index.php?rest_route=%2Fwp%2Fv2%2Fwf_post_folders&post=2578"}],"curies":[{"name":"wp","href":"https:\/\/api.w.org\/{rel}","templated":true}]}}