{"id":2604,"date":"2022-12-12T20:00:00","date_gmt":"2022-12-12T19:00:00","guid":{"rendered":"https:\/\/sv-ottersweier.de\/?p=2604"},"modified":"2023-09-11T17:14:24","modified_gmt":"2023-09-11T15:14:24","slug":"kreisschuetzenkoenig-2022","status":"publish","type":"post","link":"https:\/\/sv-ottersweier.de\/?p=2604","title":{"rendered":"Kreissch\u00fctzenk\u00f6nig 2022"},"content":{"rendered":"\t\t<div data-elementor-type=\"wp-post\" data-elementor-id=\"2604\" class=\"elementor elementor-2604\" data-elementor-settings=\"{&quot;element_pack_global_tooltip_width&quot;:{&quot;unit&quot;:&quot;px&quot;,&quot;size&quot;:&quot;&quot;,&quot;sizes&quot;:[]},&quot;element_pack_global_tooltip_width_tablet&quot;:{&quot;unit&quot;:&quot;px&quot;,&quot;size&quot;:&quot;&quot;,&quot;sizes&quot;:[]},&quot;element_pack_global_tooltip_width_mobile&quot;:{&quot;unit&quot;:&quot;px&quot;,&quot;size&quot;:&quot;&quot;,&quot;sizes&quot;:[]},&quot;element_pack_global_tooltip_padding&quot;:{&quot;unit&quot;:&quot;px&quot;,&quot;top&quot;:&quot;&quot;,&quot;right&quot;:&quot;&quot;,&quot;bottom&quot;:&quot;&quot;,&quot;left&quot;:&quot;&quot;,&quot;isLinked&quot;:true},&quot;element_pack_global_tooltip_padding_tablet&quot;:{&quot;unit&quot;:&quot;px&quot;,&quot;top&quot;:&quot;&quot;,&quot;right&quot;:&quot;&quot;,&quot;bottom&quot;:&quot;&quot;,&quot;left&quot;:&quot;&quot;,&quot;isLinked&quot;:true},&quot;element_pack_global_tooltip_padding_mobile&quot;:{&quot;unit&quot;:&quot;px&quot;,&quot;top&quot;:&quot;&quot;,&quot;right&quot;:&quot;&quot;,&quot;bottom&quot;:&quot;&quot;,&quot;left&quot;:&quot;&quot;,&quot;isLinked&quot;:true},&quot;element_pack_global_tooltip_border_radius&quot;:{&quot;unit&quot;:&quot;px&quot;,&quot;top&quot;:&quot;&quot;,&quot;right&quot;:&quot;&quot;,&quot;bottom&quot;:&quot;&quot;,&quot;left&quot;:&quot;&quot;,&quot;isLinked&quot;:true},&quot;element_pack_global_tooltip_border_radius_tablet&quot;:{&quot;unit&quot;:&quot;px&quot;,&quot;top&quot;:&quot;&quot;,&quot;right&quot;:&quot;&quot;,&quot;bottom&quot;:&quot;&quot;,&quot;left&quot;:&quot;&quot;,&quot;isLinked&quot;:true},&quot;element_pack_global_tooltip_border_radius_mobile&quot;:{&quot;unit&quot;:&quot;px&quot;,&quot;top&quot;:&quot;&quot;,&quot;right&quot;:&quot;&quot;,&quot;bottom&quot;:&quot;&quot;,&quot;left&quot;:&quot;&quot;,&quot;isLinked&quot;:true}}\" data-elementor-post-type=\"post\">\n\t\t\t\t\t\t<section class=\"elementor-section elementor-top-section elementor-element elementor-element-cc5106a elementor-section-boxed elementor-section-height-default elementor-section-height-default\" data-id=\"cc5106a\" data-element_type=\"section\" data-e-type=\"section\">\n\t\t\t\t\t\t<div class=\"elementor-container elementor-column-gap-default\">\n\t\t\t\t\t<div class=\"elementor-column elementor-col-50 elementor-top-column elementor-element elementor-element-7fbc9e8\" data-id=\"7fbc9e8\" data-element_type=\"column\" data-e-type=\"column\">\n\t\t\t<div class=\"elementor-widget-wrap elementor-element-populated\">\n\t\t\t\t\t\t<div class=\"elementor-element elementor-element-8bbcec2 elementor-widget elementor-widget-text-editor\" data-id=\"8bbcec2\" data-element_type=\"widget\" data-e-type=\"widget\" data-widget_type=\"text-editor.default\">\n\t\t\t\t<div class=\"elementor-widget-container\">\n\t\t\t\t\t\t\t\t\t<p>Beim Kreissch\u00fctzentag des Sch\u00fctzenkreises Mittelbaden am vergangenen Samstag, wurde das Geheimnis um die neuen K\u00f6nigsfamilie gel\u00fcftet. Da der Kreisk\u00f6nigsball in diesem Jahr leider ausgefallen ist, der im Normalfall den Rahmen f\u00fcr die festliche Verleihung bis dato geboten hatte, fanden die Feierlichkeiten nun in einem kleineren Rahmen beim Kreissch\u00fctzentag in Rastatt statt.<\/p>\t\t\t\t\t\t\t\t<\/div>\n\t\t\t\t<\/div>\n\t\t\t\t<div class=\"elementor-element elementor-element-93867ee elementor-widget-divider--view-line elementor-widget elementor-widget-divider\" data-id=\"93867ee\" data-element_type=\"widget\" data-e-type=\"widget\" data-widget_type=\"divider.default\">\n\t\t\t\t<div class=\"elementor-widget-container\">\n\t\t\t\t\t\t\t<div class=\"elementor-divider\">\n\t\t\t<span class=\"elementor-divider-separator\">\n\t\t\t\t\t\t<\/span>\n\t\t<\/div>\n\t\t\t\t\t\t<\/div>\n\t\t\t\t<\/div>\n\t\t\t\t<div class=\"elementor-element elementor-element-80985a6 elementor-widget elementor-widget-text-editor\" data-id=\"80985a6\" data-element_type=\"widget\" data-e-type=\"widget\" data-widget_type=\"text-editor.default\">\n\t\t\t\t<div class=\"elementor-widget-container\">\n\t\t\t\t\t\t\t\t\t<p>Der neuer Kreissch\u00fctzenk\u00f6nig kommt aus Ottersweier<\/p>\t\t\t\t\t\t\t\t<\/div>\n\t\t\t\t<\/div>\n\t\t\t\t<div class=\"elementor-element elementor-element-f96ab20 elementor-widget-divider--view-line elementor-widget elementor-widget-divider\" data-id=\"f96ab20\" data-element_type=\"widget\" data-e-type=\"widget\" data-widget_type=\"divider.default\">\n\t\t\t\t<div class=\"elementor-widget-container\">\n\t\t\t\t\t\t\t<div class=\"elementor-divider\">\n\t\t\t<span class=\"elementor-divider-separator\">\n\t\t\t\t\t\t<\/span>\n\t\t<\/div>\n\t\t\t\t\t\t<\/div>\n\t\t\t\t<\/div>\n\t\t\t\t<div class=\"elementor-element elementor-element-34e80bb elementor-widget elementor-widget-text-editor\" data-id=\"34e80bb\" data-element_type=\"widget\" data-e-type=\"widget\" data-widget_type=\"text-editor.default\">\n\t\t\t\t<div class=\"elementor-widget-container\">\n\t\t\t\t\t\t\t\t\t<p><span style=\"background-color: var(--ast-global-color-5); color: var( --e-global-color-text ); font-family: var( --e-global-typography-text-font-family ), Sans-serif; font-style: inherit; font-weight: inherit;\">Unter allen Sch\u00fctzen aus insgesamt 36 Vereinen konnte sich Bernd Fuchs am Ende mit einem hervorragenden 7,3 Teiler durchsetzten, und holte den Titel des Kreissch\u00fctzenk\u00f6nigs im neuen Sch\u00fctzenkreis Mittelbaden zum ersten Mal nach Ottersweier. Ihm zur Seite steht Julia Bochert vom SV Oberkirch als Kreissch\u00fctzenk\u00f6nigin. Erster Ritter wurde Nils Holzer vom SV H\u00fcgelsheim, sowie zweiter Ritter Stefan Seitz vom VVF F\u00f6rch.<\/span><\/p><p><span style=\"font-style: inherit; font-weight: inherit; color: var( --e-global-color-text ); font-family: var( --e-global-typography-text-font-family ), Sans-serif; background-color: var(--ast-global-color-5);\">Wir gratulieren den neuen Hoheiten und w\u00fcnschen f\u00fcr das kommende Landesk\u00f6nigsschie\u00dfen Anfang Mai 2023 &#8220;Gute Schuss! &#8221; und viel Erfolg.<\/span><\/p>\t\t\t\t\t\t\t\t<\/div>\n\t\t\t\t<\/div>\n\t\t\t\t<div class=\"elementor-element elementor-element-470c99a elementor-widget-divider--view-line elementor-widget elementor-widget-divider\" data-id=\"470c99a\" data-element_type=\"widget\" data-e-type=\"widget\" data-widget_type=\"divider.default\">\n\t\t\t\t<div class=\"elementor-widget-container\">\n\t\t\t\t\t\t\t<div class=\"elementor-divider\">\n\t\t\t<span class=\"elementor-divider-separator\">\n\t\t\t\t\t\t<\/span>\n\t\t<\/div>\n\t\t\t\t\t\t<\/div>\n\t\t\t\t<\/div>\n\t\t\t\t\t<\/div>\n\t\t<\/div>\n\t\t\t\t<div class=\"elementor-column elementor-col-50 elementor-top-column elementor-element elementor-element-f67f1c1\" data-id=\"f67f1c1\" data-element_type=\"column\" data-e-type=\"column\">\n\t\t\t<div class=\"elementor-widget-wrap elementor-element-populated\">\n\t\t\t\t\t\t<div class=\"elementor-element elementor-element-16dcacc elementor-widget elementor-widget-image\" data-id=\"16dcacc\" data-element_type=\"widget\" data-e-type=\"widget\" data-widget_type=\"image.default\">\n\t\t\t\t<div class=\"elementor-widget-container\">\n\t\t\t\t\t\t\t\t\t\t\t\t<figure class=\"wp-caption\">\n\t\t\t\t\t\t\t\t\t\t\t<a href=\"https:\/\/sv-ottersweier.de\/wp-content\/uploads\/2023\/09\/2022-12-12_SK_Mittelbaden_Kreiskoenig_Bernd_Fuchs-scaled-1.jpg\" data-elementor-open-lightbox=\"yes\" data-elementor-lightbox-title=\"2022-12-12_SK_Mittelbaden_Kreiskoenig_Bernd_Fuchs-scaled\" data-e-action-hash=\"#elementor-action%3Aaction%3Dlightbox%26settings%3DeyJpZCI6MjYwNiwidXJsIjoiaHR0cHM6XC9cL3N2LW90dGVyc3dlaWVyLmRlXC93cC1jb250ZW50XC91cGxvYWRzXC8yMDIzXC8wOVwvMjAyMi0xMi0xMl9TS19NaXR0ZWxiYWRlbl9LcmVpc2tvZW5pZ19CZXJuZF9GdWNocy1zY2FsZWQtMS5qcGcifQ%3D%3D\">\n\t\t\t\t\t\t\t<img fetchpriority=\"high\" decoding=\"async\" width=\"1984\" height=\"2560\" src=\"https:\/\/sv-ottersweier.de\/wp-content\/uploads\/2023\/09\/2022-12-12_SK_Mittelbaden_Kreiskoenig_Bernd_Fuchs-scaled-1.jpg\" class=\" attachment-full size-full wp-image-2606\" alt=\"\" srcset=\"https:\/\/sv-ottersweier.de\/wp-content\/uploads\/2023\/09\/2022-12-12_SK_Mittelbaden_Kreiskoenig_Bernd_Fuchs-scaled-1.jpg 1984w, https:\/\/sv-ottersweier.de\/wp-content\/uploads\/2023\/09\/2022-12-12_SK_Mittelbaden_Kreiskoenig_Bernd_Fuchs-scaled-1-233x300.jpg 233w, https:\/\/sv-ottersweier.de\/wp-content\/uploads\/2023\/09\/2022-12-12_SK_Mittelbaden_Kreiskoenig_Bernd_Fuchs-scaled-1-794x1024.jpg 794w, https:\/\/sv-ottersweier.de\/wp-content\/uploads\/2023\/09\/2022-12-12_SK_Mittelbaden_Kreiskoenig_Bernd_Fuchs-scaled-1-768x991.jpg 768w, https:\/\/sv-ottersweier.de\/wp-content\/uploads\/2023\/09\/2022-12-12_SK_Mittelbaden_Kreiskoenig_Bernd_Fuchs-scaled-1-1190x1536.jpg 1190w, https:\/\/sv-ottersweier.de\/wp-content\/uploads\/2023\/09\/2022-12-12_SK_Mittelbaden_Kreiskoenig_Bernd_Fuchs-scaled-1-1587x2048.jpg 1587w\" sizes=\"(max-width: 1984px) 100vw, 1984px\" \/>\t\t\t\t\t\t\t\t<\/a>\n\t\t\t\t\t\t\t\t\t\t\t<figcaption class=\"widget-image-caption wp-caption-text\"><b> 2023<\/b> | Kreissch\u00fctzenk\u00f6nig: Bernd Fuchs<\/figcaption>\n\t\t\t\t\t\t\t\t\t\t<\/figure>\n\t\t\t\t\t\t\t\t\t<\/div>\n\t\t\t\t<\/div>\n\t\t\t\t\t<\/div>\n\t\t<\/div>\n\t\t\t\t\t<\/div>\n\t\t<\/section>\n\t\t\t\t<section class=\"elementor-section elementor-top-section elementor-element elementor-element-e1f1c4f elementor-section-boxed elementor-section-height-default elementor-section-height-default\" data-id=\"e1f1c4f\" data-element_type=\"section\" data-e-type=\"section\">\n\t\t\t\t\t\t<div class=\"elementor-container elementor-column-gap-default\">\n\t\t\t\t\t<div class=\"elementor-column elementor-col-100 elementor-top-column elementor-element elementor-element-3b93c8c\" data-id=\"3b93c8c\" data-element_type=\"column\" data-e-type=\"column\">\n\t\t\t<div class=\"elementor-widget-wrap elementor-element-populated\">\n\t\t\t\t\t\t<div class=\"elementor-element elementor-element-61518de elementor-widget elementor-widget-spacer\" data-id=\"61518de\" data-element_type=\"widget\" data-e-type=\"widget\" data-widget_type=\"spacer.default\">\n\t\t\t\t<div class=\"elementor-widget-container\">\n\t\t\t\t\t\t\t<div class=\"elementor-spacer\">\n\t\t\t<div class=\"elementor-spacer-inner\"><\/div>\n\t\t<\/div>\n\t\t\t\t\t\t<\/div>\n\t\t\t\t<\/div>\n\t\t\t\t\t<\/div>\n\t\t<\/div>\n\t\t\t\t\t<\/div>\n\t\t<\/section>\n\t\t\t\t<\/div>\n\t\t","protected":false},"excerpt":{"rendered":"<p>Beim Kreissch\u00fctzentag des Sch\u00fctzenkreises Mittelbaden am vergangenen Samstag, wurde das Geheimnis um die neuen K\u00f6nigsfamilie gel\u00fcftet. Da der Kreisk\u00f6nigsball in diesem Jahr leider ausgefallen ist, der im Normalfall den Rahmen f\u00fcr die festliche Verleihung bis dato geboten hatte, fanden die Feierlichkeiten nun in einem kleineren Rahmen beim Kreissch\u00fctzentag in Rastatt statt. Der neuer Kreissch\u00fctzenk\u00f6nig kommt [&hellip;]<\/p>\n","protected":false},"author":1,"featured_media":2607,"comment_status":"closed","ping_status":"closed","sticky":false,"template":"elementor_theme","format":"standard","meta":{"site-sidebar-layout":"default","site-content-layout":"","ast-site-content-layout":"default","site-content-style":"default","site-sidebar-style":"default","ast-global-header-display":"","ast-banner-title-visibility":"","ast-main-header-display":"","ast-hfb-above-header-display":"","ast-hfb-below-header-display":"","ast-hfb-mobile-header-display":"","site-post-title":"","ast-breadcrumbs-content":"","ast-featured-img":"","footer-sml-layout":"","ast-disable-related-posts":"","theme-transparent-header-meta":"","adv-header-id-meta":"","stick-header-meta":"","header-above-stick-meta":"","header-main-stick-meta":"","header-below-stick-meta":"","astra-migrate-meta-layouts":"","ast-page-background-enabled":"default","ast-page-background-meta":{"desktop":{"background-color":"var(--ast-global-color-4)","background-image":"","background-repeat":"repeat","background-position":"center center","background-size":"auto","background-attachment":"scroll","background-type":"","background-media":"","overlay-type":"","overlay-color":"","overlay-opacity":"","overlay-gradient":""},"tablet":{"background-color":"","background-image":"","background-repeat":"repeat","background-position":"center center","background-size":"auto","background-attachment":"scroll","background-type":"","background-media":"","overlay-type":"","overlay-color":"","overlay-opacity":"","overlay-gradient":""},"mobile":{"background-color":"","background-image":"","background-repeat":"repeat","background-position":"center center","background-size":"auto","background-attachment":"scroll","background-type":"","background-media":"","overlay-type":"","overlay-color":"","overlay-opacity":"","overlay-gradient":""}},"ast-content-background-meta":{"desktop":{"background-color":"var(--ast-global-color-5)","background-image":"","background-repeat":"repeat","background-position":"center center","background-size":"auto","background-attachment":"scroll","background-type":"","background-media":"","overlay-type":"","overlay-color":"","overlay-opacity":"","overlay-gradient":""},"tablet":{"background-color":"var(--ast-global-color-5)","background-image":"","background-repeat":"repeat","background-position":"center center","background-size":"auto","background-attachment":"scroll","background-type":"","background-media":"","overlay-type":"","overlay-color":"","overlay-opacity":"","overlay-gradient":""},"mobile":{"background-color":"var(--ast-global-color-5)","background-image":"","background-repeat":"repeat","background-position":"center center","background-size":"auto","background-attachment":"scroll","background-type":"","background-media":"","overlay-type":"","overlay-color":"","overlay-opacity":"","overlay-gradient":""}},"footnotes":""},"categories":[16],"tags":[],"wf_post_folders":[175],"class_list":["post-2604","post","type-post","status-publish","format-standard","has-post-thumbnail","hentry","category-verein"],"_links":{"self":[{"href":"https:\/\/sv-ottersweier.de\/index.php?rest_route=\/wp\/v2\/posts\/2604","targetHints":{"allow":["GET"]}}],"collection":[{"href":"https:\/\/sv-ottersweier.de\/index.php?rest_route=\/wp\/v2\/posts"}],"about":[{"href":"https:\/\/sv-ottersweier.de\/index.php?rest_route=\/wp\/v2\/types\/post"}],"author":[{"embeddable":true,"href":"https:\/\/sv-ottersweier.de\/index.php?rest_route=\/wp\/v2\/users\/1"}],"replies":[{"embeddable":true,"href":"https:\/\/sv-ottersweier.de\/index.php?rest_route=%2Fwp%2Fv2%2Fcomments&post=2604"}],"version-history":[{"count":9,"href":"https:\/\/sv-ottersweier.de\/index.php?rest_route=\/wp\/v2\/posts\/2604\/revisions"}],"predecessor-version":[{"id":3500,"href":"https:\/\/sv-ottersweier.de\/index.php?rest_route=\/wp\/v2\/posts\/2604\/revisions\/3500"}],"wp:featuredmedia":[{"embeddable":true,"href":"https:\/\/sv-ottersweier.de\/index.php?rest_route=\/wp\/v2\/media\/2607"}],"wp:attachment":[{"href":"https:\/\/sv-ottersweier.de\/index.php?rest_route=%2Fwp%2Fv2%2Fmedia&parent=2604"}],"wp:term":[{"taxonomy":"category","embeddable":true,"href":"https:\/\/sv-ottersweier.de\/index.php?rest_route=%2Fwp%2Fv2%2Fcategories&post=2604"},{"taxonomy":"post_tag","embeddable":true,"href":"https:\/\/sv-ottersweier.de\/index.php?rest_route=%2Fwp%2Fv2%2Ftags&post=2604"},{"taxonomy":"wf_post_folders","embeddable":true,"href":"https:\/\/sv-ottersweier.de\/index.php?rest_route=%2Fwp%2Fv2%2Fwf_post_folders&post=2604"}],"curies":[{"name":"wp","href":"https:\/\/api.w.org\/{rel}","templated":true}]}}