{"id":4762,"date":"2024-08-12T09:05:00","date_gmt":"2024-08-12T07:05:00","guid":{"rendered":"https:\/\/sv-ottersweier.de\/?p=4762"},"modified":"2024-08-12T09:17:32","modified_gmt":"2024-08-12T07:17:32","slug":"svo-100-jahre-schiesssport-in-ottersweier","status":"publish","type":"post","link":"https:\/\/sv-ottersweier.de\/?p=4762","title":{"rendered":"SVO | 100 Jahre Schie\u00dfsport in Ottersweier"},"content":{"rendered":"\t\t<div data-elementor-type=\"wp-post\" data-elementor-id=\"4762\" class=\"elementor elementor-4762\" data-elementor-settings=\"{&quot;element_pack_global_tooltip_width&quot;:{&quot;unit&quot;:&quot;px&quot;,&quot;size&quot;:&quot;&quot;,&quot;sizes&quot;:[]},&quot;element_pack_global_tooltip_width_tablet&quot;:{&quot;unit&quot;:&quot;px&quot;,&quot;size&quot;:&quot;&quot;,&quot;sizes&quot;:[]},&quot;element_pack_global_tooltip_width_mobile&quot;:{&quot;unit&quot;:&quot;px&quot;,&quot;size&quot;:&quot;&quot;,&quot;sizes&quot;:[]},&quot;element_pack_global_tooltip_padding&quot;:{&quot;unit&quot;:&quot;px&quot;,&quot;top&quot;:&quot;&quot;,&quot;right&quot;:&quot;&quot;,&quot;bottom&quot;:&quot;&quot;,&quot;left&quot;:&quot;&quot;,&quot;isLinked&quot;:true},&quot;element_pack_global_tooltip_padding_tablet&quot;:{&quot;unit&quot;:&quot;px&quot;,&quot;top&quot;:&quot;&quot;,&quot;right&quot;:&quot;&quot;,&quot;bottom&quot;:&quot;&quot;,&quot;left&quot;:&quot;&quot;,&quot;isLinked&quot;:true},&quot;element_pack_global_tooltip_padding_mobile&quot;:{&quot;unit&quot;:&quot;px&quot;,&quot;top&quot;:&quot;&quot;,&quot;right&quot;:&quot;&quot;,&quot;bottom&quot;:&quot;&quot;,&quot;left&quot;:&quot;&quot;,&quot;isLinked&quot;:true},&quot;element_pack_global_tooltip_border_radius&quot;:{&quot;unit&quot;:&quot;px&quot;,&quot;top&quot;:&quot;&quot;,&quot;right&quot;:&quot;&quot;,&quot;bottom&quot;:&quot;&quot;,&quot;left&quot;:&quot;&quot;,&quot;isLinked&quot;:true},&quot;element_pack_global_tooltip_border_radius_tablet&quot;:{&quot;unit&quot;:&quot;px&quot;,&quot;top&quot;:&quot;&quot;,&quot;right&quot;:&quot;&quot;,&quot;bottom&quot;:&quot;&quot;,&quot;left&quot;:&quot;&quot;,&quot;isLinked&quot;:true},&quot;element_pack_global_tooltip_border_radius_mobile&quot;:{&quot;unit&quot;:&quot;px&quot;,&quot;top&quot;:&quot;&quot;,&quot;right&quot;:&quot;&quot;,&quot;bottom&quot;:&quot;&quot;,&quot;left&quot;:&quot;&quot;,&quot;isLinked&quot;:true}}\" data-elementor-post-type=\"post\">\n\t\t\t\t\t\t<section class=\"elementor-section elementor-top-section elementor-element elementor-element-cc5106a elementor-section-boxed elementor-section-height-default elementor-section-height-default\" data-id=\"cc5106a\" data-element_type=\"section\" data-e-type=\"section\">\n\t\t\t\t\t\t<div class=\"elementor-container elementor-column-gap-default\">\n\t\t\t\t\t<div class=\"elementor-column elementor-col-50 elementor-top-column elementor-element elementor-element-7fbc9e8\" data-id=\"7fbc9e8\" data-element_type=\"column\" data-e-type=\"column\">\n\t\t\t<div class=\"elementor-widget-wrap elementor-element-populated\">\n\t\t\t\t\t\t<div class=\"elementor-element elementor-element-80985a6 elementor-widget elementor-widget-text-editor\" data-id=\"80985a6\" data-element_type=\"widget\" data-e-type=\"widget\" data-widget_type=\"text-editor.default\">\n\t\t\t\t<div class=\"elementor-widget-container\">\n\t\t\t\t\t\t\t\t\t<p>Die Vorbereitungen f\u00fcr unser gro\u00dfes Ereignis laufen bereits auf Hochtouren. Wir w\u00fcrden uns freuen, mit euch am Samstag, 28. September, ein ganz besonderes Fest zu feiern: Unsere 100-Jahr-Feier! An diesem Tag beginnen um 18:00 Uhr im Gemeindezentrum St. Johannes in Ottersweier die Feierlichkeiten zum hundertj\u00e4hrige Bestehen der Hubertussch\u00fctzen in Ottersweier. Es erwartet euch ein festliches Rahmenprogramm, musikalische Begleitung und gutes Essen sowie erfrischende Getr\u00e4nke.<\/p><p><br \/>Wir m\u00f6chten hierzu alle Otterschwierer, alle Hubertussch\u00fctzinnen und -sch\u00fctzen mit Ihren Familien, alle G\u00f6nner sowie Unterst\u00fctzer und Freunde der Hubertussch\u00fctzen hierzu recht herzlich einladen, diesen bedeutsamen Meilenstein mit uns zu feiern und gemeinsam einen unvergesslichen Abend zu verbringen.<br \/>Wir w\u00fcrden uns sehr freuen, euch bei unserer 100-Jahr-Feier begr\u00fc\u00dfen zu d\u00fcrfen, um auf viele weitere erfolgreiche Jahre des Sch\u00fctzenvereins Hubertus Ottersweier 1924 e. V. anzusto\u00dfen.<\/p><p>Es k\u00f6nnen f\u00fcr die Jubil\u00e4umsfeier auch schon jetzt Tisch-\/ Platzreservierungen vorgenommen werden. Dieses ist nat\u00fcrlich kein Muss, aber sehr hilfreich f\u00fcr unsere weiteren Planungen. Gerne unter der eMail : reservierung@sv-ottersweier.de<\/p><p><strong>Jubil\u00e4umsscheibe<\/strong><br \/>Bereits im Vorfeld laden wir alle Mitglieder des Sch\u00fctzenvereins &#8220;Hubertus&#8221; Ottersweier recht herzlich zum Schie\u00dfen auf die Jubil\u00e4umsscheibe ein. Das Schie\u00dfen findet zu folgenden Zeiten statt:<\/p><p>Donnerstag, 12. September19:30-22:00 Uhr<br \/>Donnerstag, 19. September19:30-22:00 Uhr<\/p><p>Das Schie\u00dfen findet in unserem Sch\u00fctzenhaus in der Dieselstra\u00dfe 11 statt. Die Ehrung der Gewinner findet an der Jubil\u00e4umsfeier am 28.09. im Gemeindezentrum statt.<\/p>\t\t\t\t\t\t\t\t<\/div>\n\t\t\t\t<\/div>\n\t\t\t\t<div class=\"elementor-element elementor-element-470c99a elementor-widget-divider--view-line elementor-widget elementor-widget-divider\" data-id=\"470c99a\" data-element_type=\"widget\" data-e-type=\"widget\" data-widget_type=\"divider.default\">\n\t\t\t\t<div class=\"elementor-widget-container\">\n\t\t\t\t\t\t\t<div class=\"elementor-divider\">\n\t\t\t<span class=\"elementor-divider-separator\">\n\t\t\t\t\t\t<\/span>\n\t\t<\/div>\n\t\t\t\t\t\t<\/div>\n\t\t\t\t<\/div>\n\t\t\t\t\t<\/div>\n\t\t<\/div>\n\t\t\t\t<div class=\"elementor-column elementor-col-50 elementor-top-column elementor-element elementor-element-f67f1c1\" data-id=\"f67f1c1\" data-element_type=\"column\" data-e-type=\"column\">\n\t\t\t<div class=\"elementor-widget-wrap elementor-element-populated\">\n\t\t\t\t\t\t<div class=\"elementor-element elementor-element-16dcacc elementor-widget elementor-widget-image\" data-id=\"16dcacc\" data-element_type=\"widget\" data-e-type=\"widget\" data-widget_type=\"image.default\">\n\t\t\t\t<div class=\"elementor-widget-container\">\n\t\t\t\t\t\t\t\t\t\t\t\t<figure class=\"wp-caption\">\n\t\t\t\t\t\t\t\t\t\t\t<a href=\"https:\/\/sv-ottersweier.de\/wp-content\/uploads\/2024\/08\/1924_SVO_Gruendung-scaled.jpg\" data-elementor-open-lightbox=\"yes\" data-elementor-lightbox-title=\"1924_SVO_Gruendung\" data-e-action-hash=\"#elementor-action%3Aaction%3Dlightbox%26settings%3DeyJpZCI6NDc3MSwidXJsIjoiaHR0cHM6XC9cL3N2LW90dGVyc3dlaWVyLmRlXC93cC1jb250ZW50XC91cGxvYWRzXC8yMDI0XC8wOFwvMTkyNF9TVk9fR3J1ZW5kdW5nLXNjYWxlZC5qcGcifQ%3D%3D\">\n\t\t\t\t\t\t\t<img fetchpriority=\"high\" decoding=\"async\" width=\"2560\" height=\"1591\" src=\"https:\/\/sv-ottersweier.de\/wp-content\/uploads\/2024\/08\/1924_SVO_Gruendung-scaled.jpg\" class=\" attachment-full size-full wp-image-4771\" alt=\"\" srcset=\"https:\/\/sv-ottersweier.de\/wp-content\/uploads\/2024\/08\/1924_SVO_Gruendung-scaled.jpg 2560w, https:\/\/sv-ottersweier.de\/wp-content\/uploads\/2024\/08\/1924_SVO_Gruendung-300x186.jpg 300w, https:\/\/sv-ottersweier.de\/wp-content\/uploads\/2024\/08\/1924_SVO_Gruendung-1024x637.jpg 1024w, https:\/\/sv-ottersweier.de\/wp-content\/uploads\/2024\/08\/1924_SVO_Gruendung-768x477.jpg 768w, https:\/\/sv-ottersweier.de\/wp-content\/uploads\/2024\/08\/1924_SVO_Gruendung-1536x955.jpg 1536w, https:\/\/sv-ottersweier.de\/wp-content\/uploads\/2024\/08\/1924_SVO_Gruendung-2048x1273.jpg 2048w\" sizes=\"(max-width: 2560px) 100vw, 2560px\" \/>\t\t\t\t\t\t\t\t<\/a>\n\t\t\t\t\t\t\t\t\t\t\t<figcaption class=\"widget-image-caption wp-caption-text\"><b>Gr\u00fcndungsjahr 1924 : <\/b>Gruppenfoto<\/figcaption>\n\t\t\t\t\t\t\t\t\t\t<\/figure>\n\t\t\t\t\t\t\t\t\t<\/div>\n\t\t\t\t<\/div>\n\t\t\t\t\t<\/div>\n\t\t<\/div>\n\t\t\t\t\t<\/div>\n\t\t<\/section>\n\t\t\t\t<\/div>\n\t\t","protected":false},"excerpt":{"rendered":"<p>Die Vorbereitungen f\u00fcr unser gro\u00dfes Ereignis laufen bereits auf Hochtouren. Wir w\u00fcrden uns freuen, mit euch am Samstag, 28. September, ein ganz besonderes Fest zu feiern: Unsere 100-Jahr-Feier! An diesem Tag beginnen um 18:00 Uhr im Gemeindezentrum St. Johannes in Ottersweier die Feierlichkeiten zum hundertj\u00e4hrige Bestehen der Hubertussch\u00fctzen in Ottersweier. Es erwartet euch ein festliches [&hellip;]<\/p>\n","protected":false},"author":1,"featured_media":4771,"comment_status":"closed","ping_status":"closed","sticky":false,"template":"elementor_theme","format":"standard","meta":{"site-sidebar-layout":"default","site-content-layout":"","ast-site-content-layout":"default","site-content-style":"default","site-sidebar-style":"default","ast-global-header-display":"","ast-banner-title-visibility":"","ast-main-header-display":"","ast-hfb-above-header-display":"","ast-hfb-below-header-display":"","ast-hfb-mobile-header-display":"","site-post-title":"","ast-breadcrumbs-content":"","ast-featured-img":"","footer-sml-layout":"","ast-disable-related-posts":"","theme-transparent-header-meta":"","adv-header-id-meta":"","stick-header-meta":"","header-above-stick-meta":"","header-main-stick-meta":"","header-below-stick-meta":"","astra-migrate-meta-layouts":"","ast-page-background-enabled":"default","ast-page-background-meta":{"desktop":{"background-color":"var(--ast-global-color-4)","background-image":"","background-repeat":"repeat","background-position":"center center","background-size":"auto","background-attachment":"scroll","background-type":"","background-media":"","overlay-type":"","overlay-color":"","overlay-opacity":"","overlay-gradient":""},"tablet":{"background-color":"","background-image":"","background-repeat":"repeat","background-position":"center center","background-size":"auto","background-attachment":"scroll","background-type":"","background-media":"","overlay-type":"","overlay-color":"","overlay-opacity":"","overlay-gradient":""},"mobile":{"background-color":"","background-image":"","background-repeat":"repeat","background-position":"center center","background-size":"auto","background-attachment":"scroll","background-type":"","background-media":"","overlay-type":"","overlay-color":"","overlay-opacity":"","overlay-gradient":""}},"ast-content-background-meta":{"desktop":{"background-color":"var(--ast-global-color-5)","background-image":"","background-repeat":"repeat","background-position":"center center","background-size":"auto","background-attachment":"scroll","background-type":"","background-media":"","overlay-type":"","overlay-color":"","overlay-opacity":"","overlay-gradient":""},"tablet":{"background-color":"var(--ast-global-color-5)","background-image":"","background-repeat":"repeat","background-position":"center center","background-size":"auto","background-attachment":"scroll","background-type":"","background-media":"","overlay-type":"","overlay-color":"","overlay-opacity":"","overlay-gradient":""},"mobile":{"background-color":"var(--ast-global-color-5)","background-image":"","background-repeat":"repeat","background-position":"center center","background-size":"auto","background-attachment":"scroll","background-type":"","background-media":"","overlay-type":"","overlay-color":"","overlay-opacity":"","overlay-gradient":""}},"footnotes":""},"categories":[16],"tags":[],"wf_post_folders":[165,176],"class_list":["post-4762","post","type-post","status-publish","format-standard","has-post-thumbnail","hentry","category-verein"],"_links":{"self":[{"href":"https:\/\/sv-ottersweier.de\/index.php?rest_route=\/wp\/v2\/posts\/4762","targetHints":{"allow":["GET"]}}],"collection":[{"href":"https:\/\/sv-ottersweier.de\/index.php?rest_route=\/wp\/v2\/posts"}],"about":[{"href":"https:\/\/sv-ottersweier.de\/index.php?rest_route=\/wp\/v2\/types\/post"}],"author":[{"embeddable":true,"href":"https:\/\/sv-ottersweier.de\/index.php?rest_route=\/wp\/v2\/users\/1"}],"replies":[{"embeddable":true,"href":"https:\/\/sv-ottersweier.de\/index.php?rest_route=%2Fwp%2Fv2%2Fcomments&post=4762"}],"version-history":[{"count":10,"href":"https:\/\/sv-ottersweier.de\/index.php?rest_route=\/wp\/v2\/posts\/4762\/revisions"}],"predecessor-version":[{"id":4774,"href":"https:\/\/sv-ottersweier.de\/index.php?rest_route=\/wp\/v2\/posts\/4762\/revisions\/4774"}],"wp:featuredmedia":[{"embeddable":true,"href":"https:\/\/sv-ottersweier.de\/index.php?rest_route=\/wp\/v2\/media\/4771"}],"wp:attachment":[{"href":"https:\/\/sv-ottersweier.de\/index.php?rest_route=%2Fwp%2Fv2%2Fmedia&parent=4762"}],"wp:term":[{"taxonomy":"category","embeddable":true,"href":"https:\/\/sv-ottersweier.de\/index.php?rest_route=%2Fwp%2Fv2%2Fcategories&post=4762"},{"taxonomy":"post_tag","embeddable":true,"href":"https:\/\/sv-ottersweier.de\/index.php?rest_route=%2Fwp%2Fv2%2Ftags&post=4762"},{"taxonomy":"wf_post_folders","embeddable":true,"href":"https:\/\/sv-ottersweier.de\/index.php?rest_route=%2Fwp%2Fv2%2Fwf_post_folders&post=4762"}],"curies":[{"name":"wp","href":"https:\/\/api.w.org\/{rel}","templated":true}]}}