{"id":5356,"date":"2024-12-02T09:09:51","date_gmt":"2024-12-02T08:09:51","guid":{"rendered":"https:\/\/sv-ottersweier.de\/?p=5356"},"modified":"2024-12-02T09:48:32","modified_gmt":"2024-12-02T08:48:32","slug":"verbandsliga-nord","status":"publish","type":"post","link":"https:\/\/sv-ottersweier.de\/?p=5356","title":{"rendered":"Verbandsliga Nord"},"content":{"rendered":"\t\t<div data-elementor-type=\"wp-post\" data-elementor-id=\"5356\" class=\"elementor elementor-5356\" data-elementor-settings=\"{&quot;element_pack_global_tooltip_width&quot;:{&quot;unit&quot;:&quot;px&quot;,&quot;size&quot;:&quot;&quot;,&quot;sizes&quot;:[]},&quot;element_pack_global_tooltip_width_tablet&quot;:{&quot;unit&quot;:&quot;px&quot;,&quot;size&quot;:&quot;&quot;,&quot;sizes&quot;:[]},&quot;element_pack_global_tooltip_width_mobile&quot;:{&quot;unit&quot;:&quot;px&quot;,&quot;size&quot;:&quot;&quot;,&quot;sizes&quot;:[]},&quot;element_pack_global_tooltip_padding&quot;:{&quot;unit&quot;:&quot;px&quot;,&quot;top&quot;:&quot;&quot;,&quot;right&quot;:&quot;&quot;,&quot;bottom&quot;:&quot;&quot;,&quot;left&quot;:&quot;&quot;,&quot;isLinked&quot;:true},&quot;element_pack_global_tooltip_padding_tablet&quot;:{&quot;unit&quot;:&quot;px&quot;,&quot;top&quot;:&quot;&quot;,&quot;right&quot;:&quot;&quot;,&quot;bottom&quot;:&quot;&quot;,&quot;left&quot;:&quot;&quot;,&quot;isLinked&quot;:true},&quot;element_pack_global_tooltip_padding_mobile&quot;:{&quot;unit&quot;:&quot;px&quot;,&quot;top&quot;:&quot;&quot;,&quot;right&quot;:&quot;&quot;,&quot;bottom&quot;:&quot;&quot;,&quot;left&quot;:&quot;&quot;,&quot;isLinked&quot;:true},&quot;element_pack_global_tooltip_border_radius&quot;:{&quot;unit&quot;:&quot;px&quot;,&quot;top&quot;:&quot;&quot;,&quot;right&quot;:&quot;&quot;,&quot;bottom&quot;:&quot;&quot;,&quot;left&quot;:&quot;&quot;,&quot;isLinked&quot;:true},&quot;element_pack_global_tooltip_border_radius_tablet&quot;:{&quot;unit&quot;:&quot;px&quot;,&quot;top&quot;:&quot;&quot;,&quot;right&quot;:&quot;&quot;,&quot;bottom&quot;:&quot;&quot;,&quot;left&quot;:&quot;&quot;,&quot;isLinked&quot;:true},&quot;element_pack_global_tooltip_border_radius_mobile&quot;:{&quot;unit&quot;:&quot;px&quot;,&quot;top&quot;:&quot;&quot;,&quot;right&quot;:&quot;&quot;,&quot;bottom&quot;:&quot;&quot;,&quot;left&quot;:&quot;&quot;,&quot;isLinked&quot;:true}}\" data-elementor-post-type=\"post\">\n\t\t\t\t\t\t<section class=\"elementor-section elementor-top-section elementor-element elementor-element-cc5106a elementor-section-boxed elementor-section-height-default elementor-section-height-default\" data-id=\"cc5106a\" data-element_type=\"section\" data-e-type=\"section\">\n\t\t\t\t\t\t<div class=\"elementor-container elementor-column-gap-default\">\n\t\t\t\t\t<div class=\"elementor-column elementor-col-50 elementor-top-column elementor-element elementor-element-7fbc9e8\" data-id=\"7fbc9e8\" data-element_type=\"column\" data-e-type=\"column\">\n\t\t\t<div class=\"elementor-widget-wrap elementor-element-populated\">\n\t\t\t\t\t\t<div class=\"elementor-element elementor-element-80985a6 elementor-widget elementor-widget-text-editor\" data-id=\"80985a6\" data-element_type=\"widget\" data-e-type=\"widget\" data-widget_type=\"text-editor.default\">\n\t\t\t\t<div class=\"elementor-widget-container\">\n\t\t\t\t\t\t\t\t\t<p>Beim zweiten Rundenwettkampftag in Lauf trat unsere erste Mannschaft gegen die Teams aus Balg und Leutesheim an. Trotz der Ausf\u00e4lle unserer drei Top-Sch\u00fctzen Mickael Gavoille, Thomas Schmalz und Patrick Pfeifer, die durch Fabian Wittenberg, Dominik Metzinger und Jannik Kern ersetzt wurden, konnte die Mannschaft beeindruckende Ergebnisse erzielen.<br \/>Im ersten Wettkampf gegen Balg sicherten sich unsere Sch\u00fctzen einen souver\u00e4nen 4:1-Sieg. Der zweite Wettkampf gegen Leutesheim versprach schwieriger zu werden, doch unsere Mannschaft \u00fcberraschte mit einem starken Auftritt und gewann knapp mit 3:2.<\/p><p>Besonders hervorzuheben sind die Leistungen der Ersatzsch\u00fctzen. Fabian Wittenberg zeigte in beiden Wettk\u00e4mpfen herausragende Leistungen. Dominik Metzinger fand zu seiner alten St\u00e4rke zur\u00fcck und sollte im n\u00e4chsten Jahr wieder ein fester Bestandteil der ersten Mannschaft werden. Jannik Kern steigerte sich im zweiten Wettkampf deutlich und gewann beide seiner Matches.<\/p><p>Mit drei Siegen und einer Niederlage steht unsere erste Mannschaft nun mit 6:2 Mannschaftspunkten und 13:7 Einzelpunkten auf einem guten vierten Platz in der Tabelle.<\/p>\t\t\t\t\t\t\t\t<\/div>\n\t\t\t\t<\/div>\n\t\t\t\t\t<\/div>\n\t\t<\/div>\n\t\t\t\t<div class=\"elementor-column elementor-col-50 elementor-top-column elementor-element elementor-element-f67f1c1\" data-id=\"f67f1c1\" data-element_type=\"column\" data-e-type=\"column\">\n\t\t\t<div class=\"elementor-widget-wrap elementor-element-populated\">\n\t\t\t\t\t\t<div class=\"elementor-element elementor-element-16dcacc elementor-widget elementor-widget-image\" data-id=\"16dcacc\" data-element_type=\"widget\" data-e-type=\"widget\" data-widget_type=\"image.default\">\n\t\t\t\t<div class=\"elementor-widget-container\">\n\t\t\t\t\t\t\t\t\t\t\t\t<figure class=\"wp-caption\">\n\t\t\t\t\t\t\t\t\t\t\t<a href=\"https:\/\/sv-ottersweier.de\/wp-content\/uploads\/2024\/12\/2024_RWK_SBSV_VLN_Mannschaftsfoto.jpg\" data-elementor-open-lightbox=\"yes\" data-elementor-lightbox-title=\"2024_RWK_SBSV_VLN_Mannschaftsfoto\" data-e-action-hash=\"#elementor-action%3Aaction%3Dlightbox%26settings%3DeyJpZCI6NTM1NywidXJsIjoiaHR0cHM6XC9cL3N2LW90dGVyc3dlaWVyLmRlXC93cC1jb250ZW50XC91cGxvYWRzXC8yMDI0XC8xMlwvMjAyNF9SV0tfU0JTVl9WTE5fTWFubnNjaGFmdHNmb3RvLmpwZyJ9\">\n\t\t\t\t\t\t\t<img fetchpriority=\"high\" decoding=\"async\" width=\"2303\" height=\"1448\" src=\"https:\/\/sv-ottersweier.de\/wp-content\/uploads\/2024\/12\/2024_RWK_SBSV_VLN_Mannschaftsfoto.jpg\" class=\" attachment-full size-full wp-image-5357\" alt=\"\" srcset=\"https:\/\/sv-ottersweier.de\/wp-content\/uploads\/2024\/12\/2024_RWK_SBSV_VLN_Mannschaftsfoto.jpg 2303w, https:\/\/sv-ottersweier.de\/wp-content\/uploads\/2024\/12\/2024_RWK_SBSV_VLN_Mannschaftsfoto-300x189.jpg 300w, https:\/\/sv-ottersweier.de\/wp-content\/uploads\/2024\/12\/2024_RWK_SBSV_VLN_Mannschaftsfoto-1024x644.jpg 1024w, https:\/\/sv-ottersweier.de\/wp-content\/uploads\/2024\/12\/2024_RWK_SBSV_VLN_Mannschaftsfoto-768x483.jpg 768w, https:\/\/sv-ottersweier.de\/wp-content\/uploads\/2024\/12\/2024_RWK_SBSV_VLN_Mannschaftsfoto-1536x966.jpg 1536w, https:\/\/sv-ottersweier.de\/wp-content\/uploads\/2024\/12\/2024_RWK_SBSV_VLN_Mannschaftsfoto-2048x1288.jpg 2048w\" sizes=\"(max-width: 2303px) 100vw, 2303px\" \/>\t\t\t\t\t\t\t\t<\/a>\n\t\t\t\t\t\t\t\t\t\t\t<figcaption class=\"widget-image-caption wp-caption-text\"> <b>1. Luftgewehrmanschaft<\/b> | 2024\/25 <i><br>(von links)<\/i>:   Jannik Kern, Stephan Faller, Lukas Schmiederer, Fabian Wittenberg, Dominik Metzinger<\/figcaption>\n\t\t\t\t\t\t\t\t\t\t<\/figure>\n\t\t\t\t\t\t\t\t\t<\/div>\n\t\t\t\t<\/div>\n\t\t\t\t\t<\/div>\n\t\t<\/div>\n\t\t\t\t\t<\/div>\n\t\t<\/section>\n\t\t\t\t<section class=\"elementor-section elementor-top-section elementor-element elementor-element-edb4b1a elementor-section-boxed elementor-section-height-default elementor-section-height-default\" data-id=\"edb4b1a\" data-element_type=\"section\" data-e-type=\"section\">\n\t\t\t\t\t\t<div class=\"elementor-container elementor-column-gap-default\">\n\t\t\t\t\t<div class=\"elementor-column elementor-col-100 elementor-top-column elementor-element elementor-element-1ae6a8f\" data-id=\"1ae6a8f\" data-element_type=\"column\" data-e-type=\"column\">\n\t\t\t<div class=\"elementor-widget-wrap elementor-element-populated\">\n\t\t\t\t\t\t<div class=\"elementor-element elementor-element-9d5e8bc elementor-widget elementor-widget-text-editor\" data-id=\"9d5e8bc\" data-element_type=\"widget\" data-e-type=\"widget\" data-widget_type=\"text-editor.default\">\n\t\t\t\t<div class=\"elementor-widget-container\">\n\t\t\t\t\t\t\t\t\t<span id=\"tablepress-SSM_RWK-EL-2024-2025-LG1-WK-3-description\" class=\"tablepress-table-description tablepress-table-description-id-SSM_RWK-EL-2024-2025-LG1-WK-3\">ERGEBNISSE (Ort: Lauf, Datum: 2024.11.17)<\/span>\n\n<table id=\"tablepress-SSM_RWK-EL-2024-2025-LG1-WK-3\" class=\"tablepress tablepress-id-SSM_RWK-EL-2024-2025-LG1-WK-3 ssm-rwk-el-liga\" aria-describedby=\"tablepress-SSM_RWK-EL-2024-2025-LG1-WK-3-description\">\n<thead>\n<tr class=\"row-1\">\n\t<th class=\"column-1\">Pos<\/th><th class=\"column-2\">SV Ottersweier 1<\/th><th class=\"column-3\">1<\/th><th class=\"column-4\">2<\/th><th class=\"column-5\">3<\/th><th class=\"column-6\">4<\/th><th class=\"column-7\">Erg<\/th><th colspan=\"3\" class=\"column-8\">P<\/th><th class=\"column-11\">Erg<\/th><th class=\"column-12\">4<\/th><th class=\"column-13\">3<\/th><th class=\"column-14\">2<\/th><th class=\"column-15\">1<\/th><th class=\"column-16\">SV B-Baden Balg 1<\/th>\n<\/tr>\n<\/thead>\n<tbody class=\"row-striping row-hover\">\n<tr class=\"row-2\">\n\t<td class=\"column-1\">1<\/td><td class=\"column-2\">Wittenberg, Fabian<\/td><td class=\"column-3\">89<\/td><td class=\"column-4\">90<\/td><td class=\"column-5\">97<\/td><td class=\"column-6\">97<\/td><td class=\"column-7\">373<\/td><td class=\"column-8\">1<\/td><td class=\"column-9\">:<\/td><td class=\"column-10\">0<\/td><td class=\"column-11\">368<\/td><td class=\"column-12\">91<\/td><td class=\"column-13\">94<\/td><td class=\"column-14\">92<\/td><td class=\"column-15\">91<\/td><td class=\"column-16\">Lenhardt, Michael<\/td>\n<\/tr>\n<tr class=\"row-3\">\n\t<td class=\"column-1\">2<\/td><td class=\"column-2\">Faller, Stephan<\/td><td class=\"column-3\">91<\/td><td class=\"column-4\">92<\/td><td class=\"column-5\">93<\/td><td class=\"column-6\">90<\/td><td class=\"column-7\">366<\/td><td class=\"column-8\">0<\/td><td class=\"column-9\">:<\/td><td class=\"column-10\">1<\/td><td class=\"column-11\">372<\/td><td class=\"column-12\">93<\/td><td class=\"column-13\">96<\/td><td class=\"column-14\">92<\/td><td class=\"column-15\">91<\/td><td class=\"column-16\">Lenhardt, Andreas<\/td>\n<\/tr>\n<tr class=\"row-4\">\n\t<td class=\"column-1\">3<\/td><td class=\"column-2\">Metzinger, Dominik<\/td><td class=\"column-3\">93<\/td><td class=\"column-4\">92<\/td><td class=\"column-5\">94<\/td><td class=\"column-6\">98<\/td><td class=\"column-7\">377<\/td><td class=\"column-8\">1<\/td><td class=\"column-9\">:<\/td><td class=\"column-10\">0<\/td><td class=\"column-11\">373<\/td><td class=\"column-12\">93<\/td><td class=\"column-13\">92<\/td><td class=\"column-14\">92<\/td><td class=\"column-15\">96<\/td><td class=\"column-16\">Rudolff, Britta<\/td>\n<\/tr>\n<tr class=\"row-5\">\n\t<td class=\"column-1\">4<\/td><td class=\"column-2\">Kern, Jannik<\/td><td class=\"column-3\">88<\/td><td class=\"column-4\">90<\/td><td class=\"column-5\">93<\/td><td class=\"column-6\">94<\/td><td class=\"column-7\">365<\/td><td class=\"column-8\">1<\/td><td class=\"column-9\">:<\/td><td class=\"column-10\">0<\/td><td class=\"column-11\">350<\/td><td class=\"column-12\">90<\/td><td class=\"column-13\">85<\/td><td class=\"column-14\">85<\/td><td class=\"column-15\">90<\/td><td class=\"column-16\">Gei\u00dfler, Jana<\/td>\n<\/tr>\n<tr class=\"row-6\">\n\t<td class=\"column-1\">5<\/td><td class=\"column-2\">Schmiederer, Lukas<\/td><td class=\"column-3\">89<\/td><td class=\"column-4\">84<\/td><td class=\"column-5\">85<\/td><td class=\"column-6\">91<\/td><td class=\"column-7\">349<\/td><td class=\"column-8\">1<\/td><td class=\"column-9\">:<\/td><td class=\"column-10\">0<\/td><td class=\"column-11\">320<\/td><td class=\"column-12\">77<\/td><td class=\"column-13\">86<\/td><td class=\"column-14\">81<\/td><td class=\"column-15\">76<\/td><td class=\"column-16\">Jauch, Andrea<\/td>\n<\/tr>\n<tr class=\"row-7\">\n\t<td class=\"column-1\"><\/td><td class=\"column-2\"><\/td><td class=\"column-3\"><\/td><td class=\"column-4\"><\/td><td class=\"column-5\"><\/td><td class=\"column-6\"><\/td><td class=\"column-7\">1830<\/td><td class=\"column-8\">4<\/td><td class=\"column-9\">:<\/td><td class=\"column-10\">1<\/td><td class=\"column-11\">1783<\/td><td class=\"column-12\"><\/td><td class=\"column-13\"><\/td><td class=\"column-14\"><\/td><td class=\"column-15\"><\/td><td class=\"column-16\"><\/td>\n<\/tr>\n<\/tbody>\n<\/table>\n<!-- #tablepress-SSM_RWK-EL-2024-2025-LG1-WK-3 from cache -->\n\n<span id=\"tablepress-SSM_RWK-EL-2024-2025-LG1-WK-4-description\" class=\"tablepress-table-description tablepress-table-description-id-SSM_RWK-EL-2024-2025-LG1-WK-4\">ERGEBNISSE (Ort: Lauf, Datum: 2024.11.17)<\/span>\n\n<table id=\"tablepress-SSM_RWK-EL-2024-2025-LG1-WK-4\" class=\"tablepress tablepress-id-SSM_RWK-EL-2024-2025-LG1-WK-4 ssm-rwk-el-liga\" aria-describedby=\"tablepress-SSM_RWK-EL-2024-2025-LG1-WK-4-description\">\n<thead>\n<tr class=\"row-1\">\n\t<th class=\"column-1\">Pos<\/th><th class=\"column-2\">SV Ottersweier 1<\/th><th class=\"column-3\">1<\/th><th class=\"column-4\">2<\/th><th class=\"column-5\">3<\/th><th class=\"column-6\">4<\/th><th class=\"column-7\">Erg<\/th><th colspan=\"3\" class=\"column-8\">P<\/th><th class=\"column-11\">Erg<\/th><th class=\"column-12\">4<\/th><th class=\"column-13\">3<\/th><th class=\"column-14\">2<\/th><th class=\"column-15\">1<\/th><th class=\"column-16\">SSV Leutesheim 1<\/th>\n<\/tr>\n<\/thead>\n<tbody class=\"row-striping row-hover\">\n<tr class=\"row-2\">\n\t<td class=\"column-1\">1<\/td><td class=\"column-2\">Wittenberg, Fabian<\/td><td class=\"column-3\">92<\/td><td class=\"column-4\">95<\/td><td class=\"column-5\">96<\/td><td class=\"column-6\">96<\/td><td class=\"column-7\">379<\/td><td class=\"column-8\">0<\/td><td class=\"column-9\">:<\/td><td class=\"column-10\">1<\/td><td class=\"column-11\">393<\/td><td class=\"column-12\">99<\/td><td class=\"column-13\">97<\/td><td class=\"column-14\">98<\/td><td class=\"column-15\">99<\/td><td class=\"column-16\">Mabboudi, Eric<\/td>\n<\/tr>\n<tr class=\"row-3\">\n\t<td class=\"column-1\">2<\/td><td class=\"column-2\">Faller, Stephan<\/td><td class=\"column-3\">91<\/td><td class=\"column-4\">91<\/td><td class=\"column-5\">93<\/td><td class=\"column-6\">93<\/td><td class=\"column-7\">368<\/td><td class=\"column-8\">0<\/td><td class=\"column-9\">:<\/td><td class=\"column-10\">1<\/td><td class=\"column-11\">374<\/td><td class=\"column-12\">93<\/td><td class=\"column-13\">91<\/td><td class=\"column-14\">94<\/td><td class=\"column-15\">96<\/td><td class=\"column-16\">Fritsch, Maik<\/td>\n<\/tr>\n<tr class=\"row-4\">\n\t<td class=\"column-1\">3<\/td><td class=\"column-2\">Metzinger, Dominik<\/td><td class=\"column-3\">94<\/td><td class=\"column-4\">96<\/td><td class=\"column-5\">92<\/td><td class=\"column-6\">95<\/td><td class=\"column-7\">377<\/td><td class=\"column-8\">1<\/td><td class=\"column-9\">:<\/td><td class=\"column-10\">0<\/td><td class=\"column-11\">369<\/td><td class=\"column-12\">91<\/td><td class=\"column-13\">93<\/td><td class=\"column-14\">88<\/td><td class=\"column-15\">97<\/td><td class=\"column-16\">Becher, Franziska<\/td>\n<\/tr>\n<tr class=\"row-5\">\n\t<td class=\"column-1\">4<\/td><td class=\"column-2\">Kern, Jannik<\/td><td class=\"column-3\">94<\/td><td class=\"column-4\">90<\/td><td class=\"column-5\">90<\/td><td class=\"column-6\">97<\/td><td class=\"column-7\">371<\/td><td class=\"column-8\">1<\/td><td class=\"column-9\">:<\/td><td class=\"column-10\">0<\/td><td class=\"column-11\">368<\/td><td class=\"column-12\">90<\/td><td class=\"column-13\">93<\/td><td class=\"column-14\">93<\/td><td class=\"column-15\">92<\/td><td class=\"column-16\">Lepold, Sabine<\/td>\n<\/tr>\n<tr class=\"row-6\">\n\t<td class=\"column-1\">5<\/td><td class=\"column-2\">Schmiederer, Lukas<\/td><td class=\"column-3\">93<\/td><td class=\"column-4\">91<\/td><td class=\"column-5\">91<\/td><td class=\"column-6\">89<\/td><td class=\"column-7\">364<\/td><td class=\"column-8\">1<\/td><td class=\"column-9\">:<\/td><td class=\"column-10\">0<\/td><td class=\"column-11\">353<\/td><td class=\"column-12\">87<\/td><td class=\"column-13\">89<\/td><td class=\"column-14\">86<\/td><td class=\"column-15\">91<\/td><td class=\"column-16\">Ro\u00df, Stephan<\/td>\n<\/tr>\n<tr class=\"row-7\">\n\t<td class=\"column-1\"><\/td><td class=\"column-2\"><\/td><td class=\"column-3\"><\/td><td class=\"column-4\"><\/td><td class=\"column-5\"><\/td><td class=\"column-6\"><\/td><td class=\"column-7\">1859<\/td><td class=\"column-8\">3<\/td><td class=\"column-9\">:<\/td><td class=\"column-10\">2<\/td><td class=\"column-11\">1857<\/td><td class=\"column-12\"><\/td><td class=\"column-13\"><\/td><td class=\"column-14\"><\/td><td class=\"column-15\"><\/td><td class=\"column-16\"><\/td>\n<\/tr>\n<\/tbody>\n<\/table>\n<!-- #tablepress-SSM_RWK-EL-2024-2025-LG1-WK-4 from cache -->\n\n<p><i class=\"fas fa-list-ul\"><\/i><b> LIGA<\/b> | Tabelle<\/p>\n\n\n<table id=\"tablepress-SSM_RWK-TL-2024-2025-LG1\" class=\"tablepress tablepress-id-SSM_RWK-TL-2024-2025-LG1 ssm-rwk-tl-liga\">\n<thead>\n<tr class=\"row-1\">\n\t<th class=\"column-1\">Platz<\/th><th class=\"column-2\">Verein<\/th><th class=\"column-3\">WK<\/th><th colspan=\"3\" class=\"column-4\">Einzelpunkte<\/th><th colspan=\"3\" class=\"column-7\">Mannschaftspunkte<\/th>\n<\/tr>\n<\/thead>\n<tbody class=\"row-striping row-hover\">\n<tr class=\"row-2\">\n\t<td class=\"column-1\">1<\/td><td class=\"column-2\">SGi Lauf 2<\/td><td class=\"column-3\">7<\/td><td class=\"column-4\">34<\/td><td class=\"column-5\">:<\/td><td class=\"column-6\">1<\/td><td class=\"column-7\">14<\/td><td class=\"column-8\">:<\/td><td class=\"column-9\">0<\/td>\n<\/tr>\n<tr class=\"row-3\">\n\t<td class=\"column-1\">2<\/td><td class=\"column-2\">SV Oberschopfheim 2<\/td><td class=\"column-3\">7<\/td><td class=\"column-4\">23<\/td><td class=\"column-5\">:<\/td><td class=\"column-6\">12<\/td><td class=\"column-7\">10<\/td><td class=\"column-8\">:<\/td><td class=\"column-9\">4<\/td>\n<\/tr>\n<tr class=\"row-4\">\n\t<td class=\"column-1\"><strong>3<strong><\/td><td class=\"column-2\"><strong>SV Ottersweier 1<strong><\/td><td class=\"column-3\"><strong>7<strong><\/td><td class=\"column-4\"><strong>21<strong><\/td><td class=\"column-5\"><strong>:<strong><\/td><td class=\"column-6\"><strong>14<strong><\/td><td class=\"column-7\"><strong>10<strong><\/td><td class=\"column-8\"><strong>:<strong><\/td><td class=\"column-9\"><strong>4<strong><\/td>\n<\/tr>\n<tr class=\"row-5\">\n\t<td class=\"column-1\">4<\/td><td class=\"column-2\">SSV Leutesheim 1<\/td><td class=\"column-3\">7<\/td><td class=\"column-4\">23<\/td><td class=\"column-5\">:<\/td><td class=\"column-6\">12<\/td><td class=\"column-7\">8<\/td><td class=\"column-8\">:<\/td><td class=\"column-9\">6<\/td>\n<\/tr>\n<tr class=\"row-6\">\n\t<td class=\"column-1\">5<\/td><td class=\"column-2\">SG Dundenheim 1<\/td><td class=\"column-3\">7<\/td><td class=\"column-4\">15<\/td><td class=\"column-5\">:<\/td><td class=\"column-6\">20<\/td><td class=\"column-7\">6<\/td><td class=\"column-8\">:<\/td><td class=\"column-9\">8<\/td>\n<\/tr>\n<tr class=\"row-7\">\n\t<td class=\"column-1\">6<\/td><td class=\"column-2\">SGi Kuppenheim 2<\/td><td class=\"column-3\">7<\/td><td class=\"column-4\">11<\/td><td class=\"column-5\">:<\/td><td class=\"column-6\">24<\/td><td class=\"column-7\">4<\/td><td class=\"column-8\">:<\/td><td class=\"column-9\">10<\/td>\n<\/tr>\n<tr class=\"row-8\">\n\t<td class=\"column-1\">7<\/td><td class=\"column-2\">SV B-Baden Balg 1<\/td><td class=\"column-3\">7<\/td><td class=\"column-4\">9<\/td><td class=\"column-5\">:<\/td><td class=\"column-6\">26<\/td><td class=\"column-7\">4<\/td><td class=\"column-8\">:<\/td><td class=\"column-9\">10<\/td>\n<\/tr>\n<tr class=\"row-9\">\n\t<td class=\"column-1\">8<\/td><td class=\"column-2\">SV H\u00fcgelsheim 2<\/td><td class=\"column-3\">7<\/td><td class=\"column-4\">4<\/td><td class=\"column-5\">:<\/td><td class=\"column-6\">31<\/td><td class=\"column-7\">0<\/td><td class=\"column-8\">:<\/td><td class=\"column-9\">14<\/td>\n<\/tr>\n<\/tbody>\n<\/table>\n<!-- #tablepress-SSM_RWK-TL-2024-2025-LG1 from cache -->\t\t\t\t\t\t\t\t<\/div>\n\t\t\t\t<\/div>\n\t\t\t\t\t<\/div>\n\t\t<\/div>\n\t\t\t\t\t<\/div>\n\t\t<\/section>\n\t\t\t\t<section class=\"elementor-section elementor-top-section elementor-element elementor-element-0a28178 elementor-section-boxed elementor-section-height-default elementor-section-height-default\" data-id=\"0a28178\" data-element_type=\"section\" data-e-type=\"section\" data-settings=\"{&quot;background_background&quot;:&quot;classic&quot;,&quot;section_parallax_on&quot;:&quot;yes&quot;,&quot;background_motion_fx_motion_fx_scrolling&quot;:&quot;yes&quot;,&quot;background_motion_fx_translateY_effect&quot;:&quot;yes&quot;,&quot;background_motion_fx_translateX_effect&quot;:&quot;yes&quot;,&quot;section_parallax_x_value&quot;:{&quot;unit&quot;:&quot;px&quot;,&quot;size&quot;:&quot;&quot;,&quot;sizes&quot;:[]},&quot;section_parallax_value&quot;:{&quot;unit&quot;:&quot;px&quot;,&quot;size&quot;:-200,&quot;sizes&quot;:[]},&quot;background_motion_fx_translateY_speed&quot;:{&quot;unit&quot;:&quot;px&quot;,&quot;size&quot;:4,&quot;sizes&quot;:[]},&quot;background_motion_fx_translateY_affectedRange&quot;:{&quot;unit&quot;:&quot;%&quot;,&quot;size&quot;:&quot;&quot;,&quot;sizes&quot;:{&quot;start&quot;:0,&quot;end&quot;:100}},&quot;background_motion_fx_translateX_speed&quot;:{&quot;unit&quot;:&quot;px&quot;,&quot;size&quot;:4,&quot;sizes&quot;:[]},&quot;background_motion_fx_translateX_affectedRange&quot;:{&quot;unit&quot;:&quot;%&quot;,&quot;size&quot;:&quot;&quot;,&quot;sizes&quot;:{&quot;start&quot;:0,&quot;end&quot;:100}},&quot;background_motion_fx_devices&quot;:[&quot;desktop&quot;,&quot;tablet&quot;,&quot;mobile&quot;]}\">\n\t\t\t\t\t\t<div class=\"elementor-container elementor-column-gap-default\">\n\t\t\t\t\t<div class=\"elementor-column elementor-col-50 elementor-top-column elementor-element elementor-element-730e389\" data-id=\"730e389\" data-element_type=\"column\" data-e-type=\"column\">\n\t\t\t<div class=\"elementor-widget-wrap elementor-element-populated\">\n\t\t\t\t\t\t<div class=\"elementor-element elementor-element-109620d elementor-widget elementor-widget-image\" data-id=\"109620d\" data-element_type=\"widget\" data-e-type=\"widget\" data-widget_type=\"image.default\">\n\t\t\t\t<div class=\"elementor-widget-container\">\n\t\t\t\t\t\t\t\t\t\t\t\t\t\t\t<img decoding=\"async\" width=\"179\" height=\"206\" src=\"https:\/\/sv-ottersweier.de\/wp-content\/uploads\/2023\/09\/logo_sbsv.png\" class=\" attachment-large size-large wp-image-809\" alt=\"\" \/>\t\t\t\t\t\t\t\t\t\t\t\t\t\t\t<\/div>\n\t\t\t\t<\/div>\n\t\t\t\t\t<\/div>\n\t\t<\/div>\n\t\t\t\t<div class=\"elementor-column elementor-col-50 elementor-top-column elementor-element elementor-element-58866e7\" data-id=\"58866e7\" data-element_type=\"column\" data-e-type=\"column\">\n\t\t\t<div class=\"elementor-widget-wrap elementor-element-populated\">\n\t\t\t\t\t\t<div class=\"elementor-element elementor-element-c6487d1 elementor-widget elementor-widget-heading\" data-id=\"c6487d1\" data-element_type=\"widget\" data-e-type=\"widget\" data-widget_type=\"heading.default\">\n\t\t\t\t<div class=\"elementor-widget-container\">\n\t\t\t\t\t<h2 class=\"elementor-heading-title elementor-size-default\">SBSV | S\u00fcdbadischen Sportsch\u00fctzenverband e.V.<br>\n<span style=\"font-size:22px;font-weight: 200\">Liga Informationen: Verbandsliga Nord<\/span><\/h2>\t\t\t\t<\/div>\n\t\t\t\t<\/div>\n\t\t\t\t<div class=\"elementor-element elementor-element-fbad8cc elementor-widget elementor-widget-text-editor\" data-id=\"fbad8cc\" data-element_type=\"widget\" data-e-type=\"widget\" data-widget_type=\"text-editor.default\">\n\t\t\t\t<div class=\"elementor-widget-container\">\n\t\t\t\t\t\t\t\t\t<p style=\"text-align: left;\">Weitere Termine, Ergebnisse und Informationen zur Verbandsliga Nord des SBSV finden Sie auf der Homepage des S\u00fcdbadischen Sportsch\u00fctzenverband e.V.<\/p><p><i class=\"fa fa-desktop fa-1x\"><\/i>\u00a0\u00a0Zur Homepage des SBSV gelangen Sie \u00fcber folgenden:<a href=\"https:\/\/www.sbsv.de\/sport\/liga\/verbandsligen-luftgewehr\/\" target=\"_blank\" rel=\"noopener\">\u00a0\u00a0\u00a0\u00a0\u00a0LINK<\/a><\/p>\t\t\t\t\t\t\t\t<\/div>\n\t\t\t\t<\/div>\n\t\t\t\t\t<\/div>\n\t\t<\/div>\n\t\t\t\t\t<\/div>\n\t\t<\/section>\n\t\t\t\t<\/div>\n\t\t","protected":false},"excerpt":{"rendered":"<p>Beim zweiten Rundenwettkampftag in Lauf trat unsere erste Mannschaft gegen die Teams aus Balg und Leutesheim an. Trotz der Ausf\u00e4lle unserer drei Top-Sch\u00fctzen Mickael Gavoille, Thomas Schmalz und Patrick Pfeifer, die durch Fabian Wittenberg, Dominik Metzinger und Jannik Kern ersetzt wurden, konnte die Mannschaft beeindruckende Ergebnisse erzielen.Im ersten Wettkampf gegen Balg sicherten sich unsere Sch\u00fctzen [&hellip;]<\/p>\n","protected":false},"author":1,"featured_media":5357,"comment_status":"closed","ping_status":"closed","sticky":false,"template":"elementor_theme","format":"standard","meta":{"site-sidebar-layout":"default","site-content-layout":"","ast-site-content-layout":"default","site-content-style":"default","site-sidebar-style":"default","ast-global-header-display":"","ast-banner-title-visibility":"","ast-main-header-display":"","ast-hfb-above-header-display":"","ast-hfb-below-header-display":"","ast-hfb-mobile-header-display":"","site-post-title":"","ast-breadcrumbs-content":"","ast-featured-img":"","footer-sml-layout":"","ast-disable-related-posts":"","theme-transparent-header-meta":"","adv-header-id-meta":"","stick-header-meta":"","header-above-stick-meta":"","header-main-stick-meta":"","header-below-stick-meta":"","astra-migrate-meta-layouts":"","ast-page-background-enabled":"default","ast-page-background-meta":{"desktop":{"background-color":"var(--ast-global-color-4)","background-image":"","background-repeat":"repeat","background-position":"center center","background-size":"auto","background-attachment":"scroll","background-type":"","background-media":"","overlay-type":"","overlay-color":"","overlay-opacity":"","overlay-gradient":""},"tablet":{"background-color":"","background-image":"","background-repeat":"repeat","background-position":"center center","background-size":"auto","background-attachment":"scroll","background-type":"","background-media":"","overlay-type":"","overlay-color":"","overlay-opacity":"","overlay-gradient":""},"mobile":{"background-color":"","background-image":"","background-repeat":"repeat","background-position":"center center","background-size":"auto","background-attachment":"scroll","background-type":"","background-media":"","overlay-type":"","overlay-color":"","overlay-opacity":"","overlay-gradient":""}},"ast-content-background-meta":{"desktop":{"background-color":"var(--ast-global-color-5)","background-image":"","background-repeat":"repeat","background-position":"center center","background-size":"auto","background-attachment":"scroll","background-type":"","background-media":"","overlay-type":"","overlay-color":"","overlay-opacity":"","overlay-gradient":""},"tablet":{"background-color":"var(--ast-global-color-5)","background-image":"","background-repeat":"repeat","background-position":"center center","background-size":"auto","background-attachment":"scroll","background-type":"","background-media":"","overlay-type":"","overlay-color":"","overlay-opacity":"","overlay-gradient":""},"mobile":{"background-color":"var(--ast-global-color-5)","background-image":"","background-repeat":"repeat","background-position":"center center","background-size":"auto","background-attachment":"scroll","background-type":"","background-media":"","overlay-type":"","overlay-color":"","overlay-opacity":"","overlay-gradient":""}},"footnotes":""},"categories":[13,10],"tags":[],"wf_post_folders":[163,177],"class_list":["post-5356","post","type-post","status-publish","format-standard","has-post-thumbnail","hentry","category-rwk-lg1","category-sport"],"_links":{"self":[{"href":"https:\/\/sv-ottersweier.de\/index.php?rest_route=\/wp\/v2\/posts\/5356","targetHints":{"allow":["GET"]}}],"collection":[{"href":"https:\/\/sv-ottersweier.de\/index.php?rest_route=\/wp\/v2\/posts"}],"about":[{"href":"https:\/\/sv-ottersweier.de\/index.php?rest_route=\/wp\/v2\/types\/post"}],"author":[{"embeddable":true,"href":"https:\/\/sv-ottersweier.de\/index.php?rest_route=\/wp\/v2\/users\/1"}],"replies":[{"embeddable":true,"href":"https:\/\/sv-ottersweier.de\/index.php?rest_route=%2Fwp%2Fv2%2Fcomments&post=5356"}],"version-history":[{"count":11,"href":"https:\/\/sv-ottersweier.de\/index.php?rest_route=\/wp\/v2\/posts\/5356\/revisions"}],"predecessor-version":[{"id":6188,"href":"https:\/\/sv-ottersweier.de\/index.php?rest_route=\/wp\/v2\/posts\/5356\/revisions\/6188"}],"wp:featuredmedia":[{"embeddable":true,"href":"https:\/\/sv-ottersweier.de\/index.php?rest_route=\/wp\/v2\/media\/5357"}],"wp:attachment":[{"href":"https:\/\/sv-ottersweier.de\/index.php?rest_route=%2Fwp%2Fv2%2Fmedia&parent=5356"}],"wp:term":[{"taxonomy":"category","embeddable":true,"href":"https:\/\/sv-ottersweier.de\/index.php?rest_route=%2Fwp%2Fv2%2Fcategories&post=5356"},{"taxonomy":"post_tag","embeddable":true,"href":"https:\/\/sv-ottersweier.de\/index.php?rest_route=%2Fwp%2Fv2%2Ftags&post=5356"},{"taxonomy":"wf_post_folders","embeddable":true,"href":"https:\/\/sv-ottersweier.de\/index.php?rest_route=%2Fwp%2Fv2%2Fwf_post_folders&post=5356"}],"curies":[{"name":"wp","href":"https:\/\/api.w.org\/{rel}","templated":true}]}}