{"id":6459,"date":"2026-03-05T12:59:05","date_gmt":"2026-03-05T11:59:05","guid":{"rendered":"https:\/\/sv-ottersweier.de\/?p=6459"},"modified":"2026-03-05T13:29:47","modified_gmt":"2026-03-05T12:29:47","slug":"svo-jahreshauptversammlung-2026","status":"publish","type":"post","link":"https:\/\/sv-ottersweier.de\/?p=6459","title":{"rendered":"SVO | Jahreshauptversammlung 2026"},"content":{"rendered":"\t\t<div data-elementor-type=\"wp-post\" data-elementor-id=\"6459\" class=\"elementor elementor-6459\" data-elementor-settings=\"{&quot;element_pack_global_tooltip_width&quot;:{&quot;unit&quot;:&quot;px&quot;,&quot;size&quot;:&quot;&quot;,&quot;sizes&quot;:[]},&quot;element_pack_global_tooltip_width_tablet&quot;:{&quot;unit&quot;:&quot;px&quot;,&quot;size&quot;:&quot;&quot;,&quot;sizes&quot;:[]},&quot;element_pack_global_tooltip_width_mobile&quot;:{&quot;unit&quot;:&quot;px&quot;,&quot;size&quot;:&quot;&quot;,&quot;sizes&quot;:[]},&quot;element_pack_global_tooltip_padding&quot;:{&quot;unit&quot;:&quot;px&quot;,&quot;top&quot;:&quot;&quot;,&quot;right&quot;:&quot;&quot;,&quot;bottom&quot;:&quot;&quot;,&quot;left&quot;:&quot;&quot;,&quot;isLinked&quot;:true},&quot;element_pack_global_tooltip_padding_tablet&quot;:{&quot;unit&quot;:&quot;px&quot;,&quot;top&quot;:&quot;&quot;,&quot;right&quot;:&quot;&quot;,&quot;bottom&quot;:&quot;&quot;,&quot;left&quot;:&quot;&quot;,&quot;isLinked&quot;:true},&quot;element_pack_global_tooltip_padding_mobile&quot;:{&quot;unit&quot;:&quot;px&quot;,&quot;top&quot;:&quot;&quot;,&quot;right&quot;:&quot;&quot;,&quot;bottom&quot;:&quot;&quot;,&quot;left&quot;:&quot;&quot;,&quot;isLinked&quot;:true},&quot;element_pack_global_tooltip_border_radius&quot;:{&quot;unit&quot;:&quot;px&quot;,&quot;top&quot;:&quot;&quot;,&quot;right&quot;:&quot;&quot;,&quot;bottom&quot;:&quot;&quot;,&quot;left&quot;:&quot;&quot;,&quot;isLinked&quot;:true},&quot;element_pack_global_tooltip_border_radius_tablet&quot;:{&quot;unit&quot;:&quot;px&quot;,&quot;top&quot;:&quot;&quot;,&quot;right&quot;:&quot;&quot;,&quot;bottom&quot;:&quot;&quot;,&quot;left&quot;:&quot;&quot;,&quot;isLinked&quot;:true},&quot;element_pack_global_tooltip_border_radius_mobile&quot;:{&quot;unit&quot;:&quot;px&quot;,&quot;top&quot;:&quot;&quot;,&quot;right&quot;:&quot;&quot;,&quot;bottom&quot;:&quot;&quot;,&quot;left&quot;:&quot;&quot;,&quot;isLinked&quot;:true}}\" data-elementor-post-type=\"post\">\n\t\t\t\t\t\t<section class=\"elementor-section elementor-top-section elementor-element elementor-element-24853d0 elementor-section-boxed elementor-section-height-default elementor-section-height-default\" data-id=\"24853d0\" data-element_type=\"section\" data-e-type=\"section\">\n\t\t\t\t\t\t<div class=\"elementor-container elementor-column-gap-default\">\n\t\t\t\t\t<div class=\"elementor-column elementor-col-50 elementor-top-column elementor-element elementor-element-72ccffe\" data-id=\"72ccffe\" data-element_type=\"column\" data-e-type=\"column\">\n\t\t\t<div class=\"elementor-widget-wrap elementor-element-populated\">\n\t\t\t\t\t\t<div class=\"elementor-element elementor-element-9a56154 elementor-widget elementor-widget-text-editor\" data-id=\"9a56154\" data-element_type=\"widget\" data-e-type=\"widget\" data-widget_type=\"text-editor.default\">\n\t\t\t\t<div class=\"elementor-widget-container\">\n\t\t\t\t\t\t\t\t\t<p>Am vergangenen Donnerstag, den 26. Februar, er\u00f6ffnete der Vorsitzende und Versammlungsleiter Stephan Faller die Jahreshauptversammlung des Sch\u00fctzenverein Hubertus Ottersweier 1924 e.V. im Sch\u00fctzenhaus. Er begr\u00fc\u00dfte die anwesenden Mitglieder, das aktuelle K\u00f6nigspaar Theresia Scholz und Karl J\u00e4ger sowie die beiden Gemeinder\u00e4te Linus Maier \u2013 als Vertreter von Herrn\u00a0 B\u00fcrgermeisters J\u00fcrgen Pfetzer, und Karin Bauer. Entschuldigt hatten sich die Gemeinder\u00e4te Anette Zink-Maurath und Dr. Roman Glaser sowie B\u00fcrgermeister J\u00fcrgen Pfetzer.<\/p><p>Nach der Feststellung der laut Satzung form- und fristgerechten Einladung zur Versammlung wurde zun\u00e4chst der verstorbenen Vereinsmitglieder gedacht. Schriftf\u00fchrer Bernd Fuchs lie\u00df anschlie\u00dfend durch das Verlesen des Protokolls die Jahreshauptversammlung des vergangenen Jahres noch einmal Revue passieren.<\/p><p><span style=\"font-style: inherit; font-weight: inherit;\">In seinem Bericht ging Vorsitzender Stephan Faller auf die zahlreichen au\u00dfersportlichen Aktivit\u00e4ten des vergangenen Jahres ein. Neben verschiedenen Veranstaltungen wie dem traditionellen Ostereierschie\u00dfen, einem gemeinsamen H\u00fcttenwochenende, der After-Work-Veranstaltung am Sch\u00fctzenhaus sowie der K\u00f6nigsfeier wurden insbesondere auch die Treffen mit den partnerschaftlich verbundenen Sch\u00fctzen aus Bad Feilnbach hervorgehoben. Diese freundschaftliche Verbindung konnte im vergangenen Jahr wieder intensiviert werden.<\/span><\/p>\t\t\t\t\t\t\t\t<\/div>\n\t\t\t\t<\/div>\n\t\t\t\t<div class=\"elementor-element elementor-element-2cfc0d7 elementor-widget-divider--view-line elementor-widget elementor-widget-divider\" data-id=\"2cfc0d7\" data-element_type=\"widget\" data-e-type=\"widget\" data-widget_type=\"divider.default\">\n\t\t\t\t<div class=\"elementor-widget-container\">\n\t\t\t\t\t\t\t<div class=\"elementor-divider\">\n\t\t\t<span class=\"elementor-divider-separator\">\n\t\t\t\t\t\t<\/span>\n\t\t<\/div>\n\t\t\t\t\t\t<\/div>\n\t\t\t\t<\/div>\n\t\t\t\t\t<\/div>\n\t\t<\/div>\n\t\t\t\t<div class=\"elementor-column elementor-col-50 elementor-top-column elementor-element elementor-element-2c27f73\" data-id=\"2c27f73\" data-element_type=\"column\" data-e-type=\"column\">\n\t\t\t<div class=\"elementor-widget-wrap elementor-element-populated\">\n\t\t\t\t\t\t<div class=\"elementor-element elementor-element-d4452b8 elementor-widget elementor-widget-image\" data-id=\"d4452b8\" data-element_type=\"widget\" data-e-type=\"widget\" data-widget_type=\"image.default\">\n\t\t\t\t<div class=\"elementor-widget-container\">\n\t\t\t\t\t\t\t\t\t\t\t\t<figure class=\"wp-caption\">\n\t\t\t\t\t\t\t\t\t\t\t<a href=\"https:\/\/sv-ottersweier.de\/wp-content\/uploads\/2026\/03\/2026-02-26_SVO_JHV2026_Jubilare.jpg\" data-elementor-open-lightbox=\"yes\" data-elementor-lightbox-title=\"2026-02-26_SVO_JHV2026_Jubilare\" data-e-action-hash=\"#elementor-action%3Aaction%3Dlightbox%26settings%3DeyJpZCI6NjQ2MSwidXJsIjoiaHR0cHM6XC9cL3N2LW90dGVyc3dlaWVyLmRlXC93cC1jb250ZW50XC91cGxvYWRzXC8yMDI2XC8wM1wvMjAyNi0wMi0yNl9TVk9fSkhWMjAyNl9KdWJpbGFyZS5qcGcifQ%3D%3D\">\n\t\t\t\t\t\t\t<img fetchpriority=\"high\" decoding=\"async\" width=\"1600\" height=\"952\" src=\"https:\/\/sv-ottersweier.de\/wp-content\/uploads\/2026\/03\/2026-02-26_SVO_JHV2026_Jubilare.jpg\" class=\" attachment-full size-full wp-image-6461\" alt=\"\" srcset=\"https:\/\/sv-ottersweier.de\/wp-content\/uploads\/2026\/03\/2026-02-26_SVO_JHV2026_Jubilare.jpg 1600w, https:\/\/sv-ottersweier.de\/wp-content\/uploads\/2026\/03\/2026-02-26_SVO_JHV2026_Jubilare-300x179.jpg 300w, https:\/\/sv-ottersweier.de\/wp-content\/uploads\/2026\/03\/2026-02-26_SVO_JHV2026_Jubilare-1024x609.jpg 1024w, https:\/\/sv-ottersweier.de\/wp-content\/uploads\/2026\/03\/2026-02-26_SVO_JHV2026_Jubilare-768x457.jpg 768w, https:\/\/sv-ottersweier.de\/wp-content\/uploads\/2026\/03\/2026-02-26_SVO_JHV2026_Jubilare-1536x914.jpg 1536w\" sizes=\"(max-width: 1600px) 100vw, 1600px\" \/>\t\t\t\t\t\t\t\t<\/a>\n\t\t\t\t\t\t\t\t\t\t\t<figcaption class=\"widget-image-caption wp-caption-text\"><b>Ehrung f\u00fcr langj\u00e4hrige  Mitgliedschaft<\/b> | Jubilare <i>(von links)<\/i>:<br> Stephan Faller (Vorsitzender), Manfred Zink (50 Jahre), Jochen Schneider (40 Jahre | DSB) und Matthias L\u00f6ffler (Vorsitzender)<\/figcaption>\n\t\t\t\t\t\t\t\t\t\t<\/figure>\n\t\t\t\t\t\t\t\t\t<\/div>\n\t\t\t\t<\/div>\n\t\t\t\t\t<\/div>\n\t\t<\/div>\n\t\t\t\t\t<\/div>\n\t\t<\/section>\n\t\t\t\t<section class=\"elementor-section elementor-top-section elementor-element elementor-element-6d1a854 elementor-section-boxed elementor-section-height-default elementor-section-height-default\" data-id=\"6d1a854\" data-element_type=\"section\" data-e-type=\"section\">\n\t\t\t\t\t\t<div class=\"elementor-container elementor-column-gap-default\">\n\t\t\t\t\t<div class=\"elementor-column elementor-col-100 elementor-top-column elementor-element elementor-element-5cf03b7\" data-id=\"5cf03b7\" data-element_type=\"column\" data-e-type=\"column\">\n\t\t\t<div class=\"elementor-widget-wrap elementor-element-populated\">\n\t\t\t\t\t\t<div class=\"elementor-element elementor-element-3ad43e6 elementor-widget-divider--view-line elementor-widget elementor-widget-divider\" data-id=\"3ad43e6\" data-element_type=\"widget\" data-e-type=\"widget\" data-widget_type=\"divider.default\">\n\t\t\t\t<div class=\"elementor-widget-container\">\n\t\t\t\t\t\t\t<div class=\"elementor-divider\">\n\t\t\t<span class=\"elementor-divider-separator\">\n\t\t\t\t\t\t<\/span>\n\t\t<\/div>\n\t\t\t\t\t\t<\/div>\n\t\t\t\t<\/div>\n\t\t\t\t\t<\/div>\n\t\t<\/div>\n\t\t\t\t\t<\/div>\n\t\t<\/section>\n\t\t\t\t<section class=\"elementor-section elementor-top-section elementor-element elementor-element-af57710 elementor-section-boxed elementor-section-height-default elementor-section-height-default\" data-id=\"af57710\" data-element_type=\"section\" data-e-type=\"section\">\n\t\t\t\t\t\t<div class=\"elementor-container elementor-column-gap-default\">\n\t\t\t\t\t<div class=\"elementor-column elementor-col-50 elementor-top-column elementor-element elementor-element-5b8e5dc\" data-id=\"5b8e5dc\" data-element_type=\"column\" data-e-type=\"column\">\n\t\t\t<div class=\"elementor-widget-wrap elementor-element-populated\">\n\t\t\t\t\t\t<div class=\"elementor-element elementor-element-6279037 elementor-widget elementor-widget-text-editor\" data-id=\"6279037\" data-element_type=\"widget\" data-e-type=\"widget\" data-widget_type=\"text-editor.default\">\n\t\t\t\t<div class=\"elementor-widget-container\">\n\t\t\t\t\t\t\t\t\t<p><strong>Erfolgreiches Sportjahr 2025<br \/><\/strong>Auch sportlich blickt der Verein auf ein \u00e4u\u00dferst erfolgreiches Jahr zur\u00fcck. In seiner Funktion als Hauptschie\u00dfleiter berichtete Stephan Faller \u00fcber zahlreiche Erfolge bei Kreis- und Landesmeisterschaften sowie in den Rundenwettk\u00e4mpfen.<\/p><p>Bei den Kreismeisterschaften 2025 konnten die Hubertussch\u00fctzen insgesamt eine Gold-, drei Silber- und vier Bronzemedaillen erringen. Besonders erfolgreich zeigte sich die Luftgewehr-Mannschaft mit Patrick Pfeifer, Thomas Schmalz und Dominik Metzinger, die sich souver\u00e4n den Kreismeistertitel sicherte. Eine weitere Mannschaft mit Stephan Faller, Fabian Wittenberg und Bernd Fuchs erreichte einen hervorragenden zweiten Platz.<\/p><p>In den Einzelwertungen \u00fcberzeugte Patrick Pfeifer in der Sch\u00fctzenklasse mit starken 403,3 Ringen und gewann die Bronzemedaille. Stephan Faller wurde in der Herren-II-Klasse Vizemeister, ebenso wie sp\u00e4ter im Kleinkaliber-3&#215;20-Wettbewerb. Dort konnten sich auch Matthias L\u00f6ffler mit Bronze sowie die KK-Mannschaft insgesamt \u00fcber die Silbermedaille freuen. In der Juniorenklasse sicherte sich Leanna Kembel einen dritten Platz, ebenso wie die Juniorenmannschaft mit Lukas Schmiederer, Marcelino Riehle und Marlon Faller.<\/p><p>Auch bei den Landesmeisterschaften best\u00e4tigten die Kleinkalibersch\u00fctzen ihre starke Form. Thomas Schmalz erreichte bei den Herren I den dritten Platz, Matthias L\u00f6ffler wurde bei den Herren II ebenfalls Dritter. In der Mannschaftswertung errang das Team einen hervorragenden zweiten Platz auf Landesebene.<br \/>Neben den Meisterschaften stellen die Rundwettk\u00e4mpfe eine wichtige S\u00e4ule des sportlichen Jahres dar. In der Kreisoberliga ist die zweite Luftgewehr-Mannschaft \u2013 verst\u00e4rkt mit mehreren Nachwuchssch\u00fctzen \u2013 noch im Wettbewerb und belegt derzeit einen respektablen vierten Tabellenplatz. Die erste Mannschaft trat in der Verbandsliga an und konnte sich dort erfolgreich behaupten.<\/p><p><strong>Solide Finanzen und einstimmige Entlastungen<br \/><\/strong>Kassier Matthias L\u00f6ffler konnte in seinem Kassenbericht erfreuliche Zahlen pr\u00e4sentieren. Neben der planm\u00e4\u00dfigen Tilgung des Darlehens f\u00fcr die Photovoltaikanlage konnte auch eine Sondertilgung vorgenommen werden, sodass der Verein das vergangene Jahr mit einem positiven Ergebnis abschlie\u00dfen konnte.<\/p><p>Bernhard Kiefer best\u00e4tigte als Vertreter der Kassenpr\u00fcfer eine einwandfreie Kassenf\u00fchrung, woraufhin die anwesenden Mitglieder den Kassier einstimmig entlasteten. B\u00fcrgermeisterstellvertreter Linus Maier \u00fcbernahm anschlie\u00dfend die Entlastung der gesamten Vorstandschaft. In seinen Worten w\u00fcrdigte er die engagierte Arbeit des Vereins und die stets gute Zusammenarbeit mit der Gemeinde Ottersweier. Besonders erfreut zeigte er sich \u00fcber die wieder intensivierte Verbindung zum bayrischen Patenverein in Bad Feilnbach. Die Entlastung der Vorstandschaft erfolgte ebenfalls einstimmig.<\/p><p><strong>Satzungs\u00e4nderung und Wahlen<br \/><\/strong>Aufgrund eines formalen Hinweises des Finanzamtes musste eine Erg\u00e4nzung in der Satzung vorgenommen werden. Im \u00a75 zur Aufl\u00f6sung des Vereins wurde der Zusatz \u201egemeinn\u00fctzig\u201c aufgenommen. Die Mitgliederversammlung stimmte dieser \u00c4nderung einstimmig zu.<\/p><p>Bei den anschlie\u00dfenden Wahlen wurden alle vorgeschlagenen Kandidaten einstimmig gew\u00e4hlt:<\/p><ul><li>Hauptschie\u00dfleiter:\u00a0 \u00a0Stephan Faller<\/li><li>Kassier:\u00a0 \u00a0 \u00a0 \u00a0 \u00a0 \u00a0 \u00a0 \u00a0 \u00a0 \u00a0 \u00a0Matthias L\u00f6ffler<\/li><li>Schriftf\u00fchrer:\u00a0 \u00a0 \u00a0 \u00a0 \u00a0 \u00a0 Jochen Schneider<\/li><li>Jugendleiter:\u00a0 \u00a0 \u00a0 \u00a0 \u00a0 \u00a0 Marcelino Riehle<\/li><li>Kassenpr\u00fcfer:\u00a0 \u00a0 \u00a0 \u00a0 \u00a0 Bernhard Kiefer und Theresia Scholz<\/li><\/ul><p>Im Rahmen der Wahlen wurde auch Bernd Fuchs f\u00fcr sein langj\u00e4hriges Engagement als Schriftf\u00fchrer gew\u00fcrdigt. Er \u00fcbergibt sein Amt, bleibt dem Verein jedoch weiterhin sportlich aktiv und als helfende Hand erhalten.<\/p><p><strong>Ehrungen langj\u00e4hriger Mitglieder<\/strong><br \/>Ein weiterer H\u00f6hepunkt des Abends waren die Ehrungen langj\u00e4hriger Mitglieder. F\u00fcr seine 50-j\u00e4hrige Mitgliedschaft im Verein konnte Matthias L\u00f6ffler Manfred Zink pers\u00f6nlich eine Ehrenurkunde sowie ein Weinpr\u00e4sent \u00fcberreichen. Weitere Geehrte waren Monika Bauer (50 Jahre), Bernhard Maier (40 Jahre) sowie B\u00fcrgermeister J\u00fcrgen Pfetzer (25 Jahre), die sich im Vorfeld entschuldigt hatten.<\/p><p>F\u00fcr seine 40-j\u00e4hrige Mitgliedschaft im Deutschen Sch\u00fctzenbund erhielt Jochen Schneider die Ehrennadel in Gold sowie eine entsprechende Urkunde. Eine besondere vereinsinterne Anerkennung ging zudem an Luise Faller, die seit vielen Jahren die Urkunden der Ehrungen in kunstvoller Kalligrafie gestaltet. Als Dank \u00fcberreichte die Vorstandschaft einen Blumenstrau\u00df.<\/p><p><strong>Dank und Ausblick<\/strong><br \/>In seinem Schlusswort bedankte sich Stephan Faller bei allen Mitgliedern, Helfern, Spendern sowie bei der Gemeinde Ottersweier f\u00fcr die Unterst\u00fctzung und die gute Zusammenarbeit. Mit einem positiven Ausblick auf das kommende Vereinsjahr schloss er die Jahreshauptversammlung nach rund einer Stunde.<br \/>Der Sch\u00fctzenverein Hubertus Ottersweier zeigt sich damit nicht nur sportlich sehr gut aufgestellt, sondern auch als aktiver und lebendiger Verein innerhalb der Gemeinde. Die sportlichen Erfolge sowie die engagierte Nachwuchsarbeit spiegeln eine positive Entwicklung wider, die den Verein optimistisch in die Zukunft blicken l\u00e4sst.<\/p>\t\t\t\t\t\t\t\t<\/div>\n\t\t\t\t<\/div>\n\t\t\t\t<div class=\"elementor-element elementor-element-228299d elementor-widget-divider--view-line elementor-widget elementor-widget-divider\" data-id=\"228299d\" data-element_type=\"widget\" data-e-type=\"widget\" data-widget_type=\"divider.default\">\n\t\t\t\t<div class=\"elementor-widget-container\">\n\t\t\t\t\t\t\t<div class=\"elementor-divider\">\n\t\t\t<span class=\"elementor-divider-separator\">\n\t\t\t\t\t\t<\/span>\n\t\t<\/div>\n\t\t\t\t\t\t<\/div>\n\t\t\t\t<\/div>\n\t\t\t\t\t<\/div>\n\t\t<\/div>\n\t\t\t\t<div class=\"elementor-column elementor-col-50 elementor-top-column elementor-element elementor-element-488c98f\" data-id=\"488c98f\" data-element_type=\"column\" data-e-type=\"column\">\n\t\t\t<div class=\"elementor-widget-wrap elementor-element-populated\">\n\t\t\t\t\t\t<div class=\"elementor-element elementor-element-86a0964 elementor-widget elementor-widget-image\" data-id=\"86a0964\" data-element_type=\"widget\" data-e-type=\"widget\" data-widget_type=\"image.default\">\n\t\t\t\t<div class=\"elementor-widget-container\">\n\t\t\t\t\t\t\t\t\t\t\t\t<figure class=\"wp-caption\">\n\t\t\t\t\t\t\t\t\t\t\t<a href=\"https:\/\/sv-ottersweier.de\/wp-content\/uploads\/2026\/03\/2026-02-26_SVO_JHV2026_Vorstandschaft.jpg\" data-elementor-open-lightbox=\"yes\" data-elementor-lightbox-title=\"2026-02-26_SVO_JHV2026_Vorstandschaft\" data-e-action-hash=\"#elementor-action%3Aaction%3Dlightbox%26settings%3DeyJpZCI6NjQ2MiwidXJsIjoiaHR0cHM6XC9cL3N2LW90dGVyc3dlaWVyLmRlXC93cC1jb250ZW50XC91cGxvYWRzXC8yMDI2XC8wM1wvMjAyNi0wMi0yNl9TVk9fSkhWMjAyNl9Wb3JzdGFuZHNjaGFmdC5qcGcifQ%3D%3D\">\n\t\t\t\t\t\t\t<img decoding=\"async\" width=\"1560\" height=\"933\" src=\"https:\/\/sv-ottersweier.de\/wp-content\/uploads\/2026\/03\/2026-02-26_SVO_JHV2026_Vorstandschaft.jpg\" class=\" attachment-full size-full wp-image-6462\" alt=\"\" srcset=\"https:\/\/sv-ottersweier.de\/wp-content\/uploads\/2026\/03\/2026-02-26_SVO_JHV2026_Vorstandschaft.jpg 1560w, https:\/\/sv-ottersweier.de\/wp-content\/uploads\/2026\/03\/2026-02-26_SVO_JHV2026_Vorstandschaft-300x179.jpg 300w, https:\/\/sv-ottersweier.de\/wp-content\/uploads\/2026\/03\/2026-02-26_SVO_JHV2026_Vorstandschaft-1024x612.jpg 1024w, https:\/\/sv-ottersweier.de\/wp-content\/uploads\/2026\/03\/2026-02-26_SVO_JHV2026_Vorstandschaft-768x459.jpg 768w, https:\/\/sv-ottersweier.de\/wp-content\/uploads\/2026\/03\/2026-02-26_SVO_JHV2026_Vorstandschaft-1536x919.jpg 1536w\" sizes=\"(max-width: 1560px) 100vw, 1560px\" \/>\t\t\t\t\t\t\t\t<\/a>\n\t\t\t\t\t\t\t\t\t\t\t<figcaption class=\"widget-image-caption wp-caption-text\"><b>Vorstandsteam <\/b> | 2026 <i>(von links)<\/i>:<br> Stephan Faller (Vorsitzender, Hauptschie\u00dfleiter), Benjamin Komm (Schie\u00dfleiter), Patrick Kern (Beisitzer), Jannik Kern (Beisitzer), Patrick Pfeifer (Jugendleiter), Jochen Schneider (Schriftf\u00fchrer), Matthias L\u00f6ffler (Vorsitzender, Kassier) und Marcelino Riehle (Jugendleiter)<\/figcaption>\n\t\t\t\t\t\t\t\t\t\t<\/figure>\n\t\t\t\t\t\t\t\t\t<\/div>\n\t\t\t\t<\/div>\n\t\t\t\t\t<\/div>\n\t\t<\/div>\n\t\t\t\t\t<\/div>\n\t\t<\/section>\n\t\t\t\t<\/div>\n\t\t","protected":false},"excerpt":{"rendered":"<p>Am vergangenen Donnerstag, den 26. Februar, er\u00f6ffnete der Vorsitzende und Versammlungsleiter Stephan Faller die Jahreshauptversammlung des Sch\u00fctzenverein Hubertus Ottersweier 1924 e.V. im Sch\u00fctzenhaus. Er begr\u00fc\u00dfte die anwesenden Mitglieder, das aktuelle K\u00f6nigspaar Theresia Scholz und Karl J\u00e4ger sowie die beiden Gemeinder\u00e4te Linus Maier \u2013 als Vertreter von Herrn\u00a0 B\u00fcrgermeisters J\u00fcrgen Pfetzer, und Karin Bauer. Entschuldigt hatten [&hellip;]<\/p>\n","protected":false},"author":1,"featured_media":6461,"comment_status":"closed","ping_status":"closed","sticky":false,"template":"elementor_theme","format":"standard","meta":{"site-sidebar-layout":"default","site-content-layout":"","ast-site-content-layout":"default","site-content-style":"default","site-sidebar-style":"default","ast-global-header-display":"","ast-banner-title-visibility":"","ast-main-header-display":"","ast-hfb-above-header-display":"","ast-hfb-below-header-display":"","ast-hfb-mobile-header-display":"","site-post-title":"","ast-breadcrumbs-content":"","ast-featured-img":"","footer-sml-layout":"","ast-disable-related-posts":"","theme-transparent-header-meta":"","adv-header-id-meta":"","stick-header-meta":"","header-above-stick-meta":"","header-main-stick-meta":"","header-below-stick-meta":"","astra-migrate-meta-layouts":"","ast-page-background-enabled":"default","ast-page-background-meta":{"desktop":{"background-color":"var(--ast-global-color-4)","background-image":"","background-repeat":"repeat","background-position":"center center","background-size":"auto","background-attachment":"scroll","background-type":"","background-media":"","overlay-type":"","overlay-color":"","overlay-opacity":"","overlay-gradient":""},"tablet":{"background-color":"","background-image":"","background-repeat":"repeat","background-position":"center center","background-size":"auto","background-attachment":"scroll","background-type":"","background-media":"","overlay-type":"","overlay-color":"","overlay-opacity":"","overlay-gradient":""},"mobile":{"background-color":"","background-image":"","background-repeat":"repeat","background-position":"center center","background-size":"auto","background-attachment":"scroll","background-type":"","background-media":"","overlay-type":"","overlay-color":"","overlay-opacity":"","overlay-gradient":""}},"ast-content-background-meta":{"desktop":{"background-color":"var(--ast-global-color-5)","background-image":"","background-repeat":"repeat","background-position":"center center","background-size":"auto","background-attachment":"scroll","background-type":"","background-media":"","overlay-type":"","overlay-color":"","overlay-opacity":"","overlay-gradient":""},"tablet":{"background-color":"var(--ast-global-color-5)","background-image":"","background-repeat":"repeat","background-position":"center center","background-size":"auto","background-attachment":"scroll","background-type":"","background-media":"","overlay-type":"","overlay-color":"","overlay-opacity":"","overlay-gradient":""},"mobile":{"background-color":"var(--ast-global-color-5)","background-image":"","background-repeat":"repeat","background-position":"center center","background-size":"auto","background-attachment":"scroll","background-type":"","background-media":"","overlay-type":"","overlay-color":"","overlay-opacity":"","overlay-gradient":""}},"footnotes":""},"categories":[16],"tags":[],"wf_post_folders":[197,199],"class_list":["post-6459","post","type-post","status-publish","format-standard","has-post-thumbnail","hentry","category-verein"],"_links":{"self":[{"href":"https:\/\/sv-ottersweier.de\/index.php?rest_route=\/wp\/v2\/posts\/6459","targetHints":{"allow":["GET"]}}],"collection":[{"href":"https:\/\/sv-ottersweier.de\/index.php?rest_route=\/wp\/v2\/posts"}],"about":[{"href":"https:\/\/sv-ottersweier.de\/index.php?rest_route=\/wp\/v2\/types\/post"}],"author":[{"embeddable":true,"href":"https:\/\/sv-ottersweier.de\/index.php?rest_route=\/wp\/v2\/users\/1"}],"replies":[{"embeddable":true,"href":"https:\/\/sv-ottersweier.de\/index.php?rest_route=%2Fwp%2Fv2%2Fcomments&post=6459"}],"version-history":[{"count":13,"href":"https:\/\/sv-ottersweier.de\/index.php?rest_route=\/wp\/v2\/posts\/6459\/revisions"}],"predecessor-version":[{"id":6476,"href":"https:\/\/sv-ottersweier.de\/index.php?rest_route=\/wp\/v2\/posts\/6459\/revisions\/6476"}],"wp:featuredmedia":[{"embeddable":true,"href":"https:\/\/sv-ottersweier.de\/index.php?rest_route=\/wp\/v2\/media\/6461"}],"wp:attachment":[{"href":"https:\/\/sv-ottersweier.de\/index.php?rest_route=%2Fwp%2Fv2%2Fmedia&parent=6459"}],"wp:term":[{"taxonomy":"category","embeddable":true,"href":"https:\/\/sv-ottersweier.de\/index.php?rest_route=%2Fwp%2Fv2%2Fcategories&post=6459"},{"taxonomy":"post_tag","embeddable":true,"href":"https:\/\/sv-ottersweier.de\/index.php?rest_route=%2Fwp%2Fv2%2Ftags&post=6459"},{"taxonomy":"wf_post_folders","embeddable":true,"href":"https:\/\/sv-ottersweier.de\/index.php?rest_route=%2Fwp%2Fv2%2Fwf_post_folders&post=6459"}],"curies":[{"name":"wp","href":"https:\/\/api.w.org\/{rel}","templated":true}]}}